{"id":983,"date":"2023-06-30T10:37:28","date_gmt":"2023-06-30T10:37:28","guid":{"rendered":"https:\/\/harmonique.ch\/?p=983"},"modified":"2023-11-17T12:43:39","modified_gmt":"2023-11-17T12:43:39","slug":"exploration-du-domaine-de-penthes-guidees-aux-baguettes-bio-sensibles","status":"publish","type":"post","link":"https:\/\/harmonique.ch\/index.php\/2023\/06\/30\/exploration-du-domaine-de-penthes-guidees-aux-baguettes-bio-sensibles\/","title":{"rendered":"Exploration du Domaine de Penthes, guid\u00e9es aux baguettes bio-sensibles"},"content":{"rendered":"<p>Ressentir les \u00e9nergies, recevoir les messages du vivant. Une approche en conscience, pour contacter le Sacr\u00e9 en soi, et se r\u00e9-unir.<\/p>\n<p>Rendez-vous devant le Sablier du Millenium (le plus grand d\u2019Europe!) pour exp\u00e9rimenter ce premier symbole: le mouvement perp\u00e9tuel.<\/p>\n<p>Nous entrons ainsi dans la danse de ce site majestueux: le Domaine de Penthes. Dot\u00e9 d\u2019arbres centenaires, de panoramas splendides, il offre une vari\u00e9t\u00e9 impressionnante de milieux et d\u2019\u00e9nergies.<\/p>\n<p>Je me r\u00e9jouis de vous accompagner dans la d\u00e9couverte de ce haut-lieux \u00e9nerg\u00e9tique. La d\u00e9marche est un retour au centre, \u00e0 soi, \u00e0 votre intuition. D\u00e9veloppement de votre sensitivit\u00e9, de votre r\u00e9ceptivit\u00e9. Nous suivrons les baguettes bio sensibles, \u00e0 l&rsquo;\u00e9coute des messages du Vivant, pour recevoir soins et enseignements.<\/p>\n<p>Pour chacun. Pour notre groupe. Selon les principes de la m\u00e9decine symbolique.<\/p>\n<p>\ud83d\uddd3\ufe0f Mercredi 5 juillet<br \/>\n\u23f1\ufe0f 10h &#8211; 13h<br \/>\n\ud83d\udccdchemin de l\u2019Imp\u00e9ratrice 14, 1292 Pr\u00e9gny-Chamb\u00e9sy<\/p>\n<figure id=\"attachment_986\" aria-describedby=\"caption-attachment-986\" style=\"width: 940px\" class=\"wp-caption alignnone\"><img loading=\"lazy\" decoding=\"async\" class=\"size-full wp-image-986\" src=\"https:\/\/harmonique.ch\/wp-content\/uploads\/2023\/06\/medecine-symbolique-exploration-Penthe-Geneve-Sandra-Piriz.png\" alt=\"Vue sur le domaine de Penthe et le Lac L\u00e9man, description de l'exploration aux baguettes bio-sensibles\" width=\"940\" height=\"788\" srcset=\"https:\/\/harmonique.ch\/wp-content\/uploads\/2023\/06\/medecine-symbolique-exploration-Penthe-Geneve-Sandra-Piriz.png 940w, https:\/\/harmonique.ch\/wp-content\/uploads\/2023\/06\/medecine-symbolique-exploration-Penthe-Geneve-Sandra-Piriz-300x251.png 300w, https:\/\/harmonique.ch\/wp-content\/uploads\/2023\/06\/medecine-symbolique-exploration-Penthe-Geneve-Sandra-Piriz-768x644.png 768w\" sizes=\"auto, (max-width: 940px) 100vw, 940px\" \/><figcaption id=\"caption-attachment-986\" class=\"wp-caption-text\">M\u00e9decine symbolique au domaine de Penthe<\/figcaption><\/figure>\n","protected":false},"excerpt":{"rendered":"<p>Ressentir les \u00e9nergies, recevoir les messages du vivant. Une approche en conscience, pour contacter le Sacr\u00e9 en soi, et se r\u00e9-unir. Rendez-vous devant le Sablier du Millenium (le plus grand d\u2019Europe!) pour exp\u00e9rimenter ce premier symbole: le mouvement perp\u00e9tuel. Nous entrons ainsi dans la danse de ce site majestueux: le Domaine de Penthes. Dot\u00e9 d\u2019arbres [&hellip;]<\/p>\n","protected":false},"author":2,"featured_media":0,"comment_status":"closed","ping_status":"closed","sticky":false,"template":"","format":"standard","meta":{"footnotes":""},"categories":[1],"tags":[],"class_list":["post-983","post","type-post","status-publish","format-standard","hentry","category-uncategorized"],"_links":{"self":[{"href":"https:\/\/harmonique.ch\/index.php\/wp-json\/wp\/v2\/posts\/983","targetHints":{"allow":["GET"]}}],"collection":[{"href":"https:\/\/harmonique.ch\/index.php\/wp-json\/wp\/v2\/posts"}],"about":[{"href":"https:\/\/harmonique.ch\/index.php\/wp-json\/wp\/v2\/types\/post"}],"author":[{"embeddable":true,"href":"https:\/\/harmonique.ch\/index.php\/wp-json\/wp\/v2\/users\/2"}],"replies":[{"embeddable":true,"href":"https:\/\/harmonique.ch\/index.php\/wp-json\/wp\/v2\/comments?post=983"}],"version-history":[{"count":1,"href":"https:\/\/harmonique.ch\/index.php\/wp-json\/wp\/v2\/posts\/983\/revisions"}],"predecessor-version":[{"id":987,"href":"https:\/\/harmonique.ch\/index.php\/wp-json\/wp\/v2\/posts\/983\/revisions\/987"}],"wp:attachment":[{"href":"https:\/\/harmonique.ch\/index.php\/wp-json\/wp\/v2\/media?parent=983"}],"wp:term":[{"taxonomy":"category","embeddable":true,"href":"https:\/\/harmonique.ch\/index.php\/wp-json\/wp\/v2\/categories?post=983"},{"taxonomy":"post_tag","embeddable":true,"href":"https:\/\/harmonique.ch\/index.php\/wp-json\/wp\/v2\/tags?post=983"}],"curies":[{"name":"wp","href":"https:\/\/api.w.org\/{rel}","templated":true}]}}