{"id":969,"date":"2023-06-08T12:32:15","date_gmt":"2023-06-08T12:32:15","guid":{"rendered":"https:\/\/harmonique.ch\/?p=969"},"modified":"2023-11-17T12:43:54","modified_gmt":"2023-11-17T12:43:54","slug":"qi-gong-au-parc-beaulieu-cet-ete","status":"publish","type":"post","link":"https:\/\/harmonique.ch\/index.php\/2023\/06\/08\/qi-gong-au-parc-beaulieu-cet-ete\/","title":{"rendered":"Qi gong au parc Beaulieu cet \u00e9t\u00e9"},"content":{"rendered":"<p><strong>Les mardis \u00e0 18h30, rejoignez-moi au parc Beaulieu (c&rsquo;est \u00e0 10mn \u00e0 pieds de la gare Cornavin), pour une pratique de Qi Gong!<\/strong><\/p>\n<p><strong>Qi GONG au parc Beaulieu, 18h30-19h30\u00a0<\/strong><\/p>\n<p><strong>Mardis 13, 20, 27 juin \/ Mardi 4, 11, 18, 25 \u00a0juillet<\/strong><\/p>\n<p>et d&rsquo;autres dates en ao\u00fbt !<\/p>\n<p>C&rsquo;est gratuit, sur donation pour ceux qui souhaiteraient contribuer.<\/p>\n<p>t\u00e9l. ou sms 0765840250<\/p>\n<p>\ud83d\udccddans le parc en face de l&rsquo;\u00e9cole de Beaulieu, rue du Grand-Pr\u00e9 22, 1202 Gen\u00e8ve<\/p>\n<p>&nbsp;<\/p>\n<figure id=\"attachment_970\" aria-describedby=\"caption-attachment-970\" style=\"width: 2560px\" class=\"wp-caption alignnone\"><img loading=\"lazy\" decoding=\"async\" class=\"size-full wp-image-970\" src=\"https:\/\/harmonique.ch\/wp-content\/uploads\/2023\/06\/IMG_1122-scaled.jpg\" alt=\"pose de qi gong\" width=\"2560\" height=\"1920\" srcset=\"https:\/\/harmonique.ch\/wp-content\/uploads\/2023\/06\/IMG_1122-scaled.jpg 2560w, https:\/\/harmonique.ch\/wp-content\/uploads\/2023\/06\/IMG_1122-300x225.jpg 300w, https:\/\/harmonique.ch\/wp-content\/uploads\/2023\/06\/IMG_1122-1024x768.jpg 1024w, https:\/\/harmonique.ch\/wp-content\/uploads\/2023\/06\/IMG_1122-768x576.jpg 768w, https:\/\/harmonique.ch\/wp-content\/uploads\/2023\/06\/IMG_1122-1536x1152.jpg 1536w, https:\/\/harmonique.ch\/wp-content\/uploads\/2023\/06\/IMG_1122-2048x1536.jpg 2048w\" sizes=\"auto, (max-width: 2560px) 100vw, 2560px\" \/><figcaption id=\"caption-attachment-970\" class=\"wp-caption-text\">Qi gong au parc Beaulieu, Gen\u00e8ve &#8211; les mardis 18h30-19h30 juin juillet ao\u00fbt<\/figcaption><\/figure>\n<p><strong>Qu&rsquo;est-ce que le Qi Gong?<\/strong><\/p>\n<p>C&rsquo;est un <strong>art<\/strong> et une <strong>gymnastique \u00e0 la fois douce et <\/strong><b>puissante<\/b>, d&rsquo;origine chinoise, qui procure un <strong>bien-\u00eatre profond<\/strong>, permet de <strong>se maintenir en bonne sant\u00e9<\/strong> au niveau du <strong>corps<\/strong>, du <strong>coeur<\/strong> et de <strong>l&rsquo;esprit<\/strong>.<\/p>\n<p>Au niveau du corps:<\/p>\n<div class=\"page\" title=\"Page 1\">\n<div class=\"layoutArea\">\n<div class=\"column\">\n<ul>\n<li>Be\u0301ne\u0301fique pour le Syste\u0300me nerveux et hormonal : diminue le stress, meilleure gestion des e\u0301motions, calme.<\/li>\n<li>Syste\u0300me respiratoire et cardiovasculaire : augmente la capacite\u0301 respiratoire et favorise l\u2019oxyge\u0301nation et la circulation du sang. Ame\u0301liore l\u2019e\u0301lasticite\u0301 des vaisseaux sanguins. Il agit donc sur des proble\u0300mes d\u2019hyper ou hypotension.<\/li>\n<li>Syste\u0300me immunitaire : renforce les de\u0301fenses et la vitalite\u0301.<\/li>\n<li>Syste\u0300me osseux : renforce les os, les tendons, assouplit les articulations.<\/li>\n<\/ul>\n<p>Au niveau du coeur et de l\u2019esprit :<\/p>\n<ul>\n<li>Apaise le mental, am\u00e9liore la concentration, renforce le retour au moment pr\u00e9sent<\/li>\n<li>D\u00e9veloppe l&rsquo;intuition<\/li>\n<li>Ame\u0301liore la perception, la proprioception, le rapport a\u0300 son environnement, favorise une meilleur connexion au ciel et \u00e0 la terre<\/li>\n<li>Permet de trouver son centre et de trouver sa place dans tous les sens du therme.<\/li>\n<li>Meilleure connaissance de soi. Libe\u0300re les blocages psychiques.<\/li>\n<li>Apaise et remet le sourire au coeur<\/li>\n<\/ul>\n<p>&nbsp;<\/p>\n<\/div>\n<\/div>\n<\/div>\n","protected":false},"excerpt":{"rendered":"<p>Les mardis \u00e0 18h30, rejoignez-moi au parc Beaulieu (c&rsquo;est \u00e0 10mn \u00e0 pieds de la gare Cornavin), pour une pratique de Qi Gong! Qi GONG au parc Beaulieu, 18h30-19h30\u00a0 Mardis 13, 20, 27 juin \/ Mardi 4, 11, 18, 25 \u00a0juillet et d&rsquo;autres dates en ao\u00fbt ! C&rsquo;est gratuit, sur donation pour ceux qui souhaiteraient [&hellip;]<\/p>\n","protected":false},"author":2,"featured_media":0,"comment_status":"closed","ping_status":"closed","sticky":false,"template":"","format":"standard","meta":{"footnotes":""},"categories":[1],"tags":[],"class_list":["post-969","post","type-post","status-publish","format-standard","hentry","category-uncategorized"],"_links":{"self":[{"href":"https:\/\/harmonique.ch\/index.php\/wp-json\/wp\/v2\/posts\/969","targetHints":{"allow":["GET"]}}],"collection":[{"href":"https:\/\/harmonique.ch\/index.php\/wp-json\/wp\/v2\/posts"}],"about":[{"href":"https:\/\/harmonique.ch\/index.php\/wp-json\/wp\/v2\/types\/post"}],"author":[{"embeddable":true,"href":"https:\/\/harmonique.ch\/index.php\/wp-json\/wp\/v2\/users\/2"}],"replies":[{"embeddable":true,"href":"https:\/\/harmonique.ch\/index.php\/wp-json\/wp\/v2\/comments?post=969"}],"version-history":[{"count":5,"href":"https:\/\/harmonique.ch\/index.php\/wp-json\/wp\/v2\/posts\/969\/revisions"}],"predecessor-version":[{"id":1000,"href":"https:\/\/harmonique.ch\/index.php\/wp-json\/wp\/v2\/posts\/969\/revisions\/1000"}],"wp:attachment":[{"href":"https:\/\/harmonique.ch\/index.php\/wp-json\/wp\/v2\/media?parent=969"}],"wp:term":[{"taxonomy":"category","embeddable":true,"href":"https:\/\/harmonique.ch\/index.php\/wp-json\/wp\/v2\/categories?post=969"},{"taxonomy":"post_tag","embeddable":true,"href":"https:\/\/harmonique.ch\/index.php\/wp-json\/wp\/v2\/tags?post=969"}],"curies":[{"name":"wp","href":"https:\/\/api.w.org\/{rel}","templated":true}]}}