{"id":952,"date":"2023-05-18T21:12:52","date_gmt":"2023-05-18T21:12:52","guid":{"rendered":"https:\/\/harmonique.ch\/?p=952"},"modified":"2023-11-17T12:44:12","modified_gmt":"2023-11-17T12:44:12","slug":"programme-des-evenements-juin-juillet-2023","status":"publish","type":"post","link":"https:\/\/harmonique.ch\/index.php\/2023\/05\/18\/programme-des-evenements-juin-juillet-2023\/","title":{"rendered":"Programme des \u00e9v\u00e9nements juin-juillet 2023"},"content":{"rendered":"<p>Voici les \u00e9v\u00e9nements \u00e0 venir. Je vous r\u00e9pondrai avec plaisir pour toute pr\u00e9cision, information, conseil pour savoir si l&rsquo;activit\u00e9 peut vous convenir, et pour vous inscrire. N&rsquo;h\u00e9sitez pas \u00e0 m&rsquo;envoyer un mail &#8211; contact@harmonique.ch &#8211; ou \u00e0 me t\u00e9l\u00e9phoner &#8211; 0765840250.<\/p>\n<p>Au plaisir de vous rencontrer!<\/p>\n<p>&nbsp;<\/p>\n<p><strong>JEUDI 15 JUIN, 18h30-22h<\/strong><\/p>\n<p><strong>Atelier constellation familiales et enn\u00e9agramme,<\/strong>\u00a0avec Lionel Steiger, hypnoth\u00e9rapeute et sp\u00e9cialiste en constellations familiales.<\/p>\n<p>Tarif: 70.- \ud83d\udccdEspace Le Camango, rue Ernest-Bloch 56, 1207 Gen\u00e8ve<\/p>\n<p style=\"font-weight: 400;\">Les constellations men\u00e9es lors de cet atelier seront bas\u00e9es sur l\u2019\u00e9nerg\u00e9tique de l\u2019enn\u00e9agramme. Nous croyons \u00eatre libres, mais l\u2019\u00e9nergie qui nous habite vient de nos lign\u00e9es : parents, grands-parents, arri\u00e8re-grands-parents, etc. A la naissance, nous entrons dans une famille qui est un syst\u00e8me. Nous recevons des sch\u00e9mas qui d\u00e9terminent notre mani\u00e8re de vivre, de ressentir, d\u2019agir. Nous sommes aussi r\u00e9ceptacles des pollutions de lign\u00e9es qui se transmettent de g\u00e9n\u00e9ration en g\u00e9n\u00e9ration. Autant de facteurs qu\u2019il est possible de revisiter et corriger ! Les constellations se d\u00e9rouleront selon la m\u00e9thode \u00ab\u00a0classique\u00a0\u00bb, sans l&rsquo;usage des baguettes coud\u00e9es. Les participants sont habit\u00e9s par les \u00e9nergies des enn\u00e9atypes et pleinement acteurs des sc\u00e8nes qui se d\u00e9roulent.<\/p>\n<p>&nbsp;<\/p>\n<p><strong>SAMEDI 15 et DIMANCHE 16 JUILLET<\/strong><\/p>\n<p><strong>Initiation au maniement des baguettes coud\u00e9es:<\/strong> un week end d\u00e9di\u00e9 \u00e0 l&rsquo;apprentissage de l&rsquo;outil, au d\u00e9veloppement de ses ressentis, avec approche du symbole.<\/p>\n<p>Tarif: 350.- \ud83d\udccdPranasant\u00e9, rue du Village 16B, 1274 Grens (pr\u00e8s de Nyon). Inscription via <a href=\"https:\/\/www.medecinesymbolique.com\/evenement\/maniement-des-baguettes-coudees-nyon-suisse-15-16-juillet-2023\/\">ce lien<\/a>.<\/p>\n<p>&nbsp;<\/p>\n<p><strong>Qi GONG au parc Beaulieu, 18h30-19h30\u00a0<\/strong><\/p>\n<p><strong>Mardis 13, 20, 27 juin \/ Mardi 4, 11, 18, 25 \u00a0juillet<\/strong><\/p>\n<p>et d&rsquo;autres dates en ao\u00fbt !<\/p>\n<p>Sur donation (sugg\u00e9r\u00e9 15.-)<\/p>\n<p>t\u00e9l. ou sms 0765840250<\/p>\n<p>\ud83d\udccddans le parc en face de l&rsquo;\u00e9cole de Beaulieu, rue du Grand-Pr\u00e9 22, 1202 Gen\u00e8ve<\/p>\n<p>&nbsp;<\/p>\n<p><strong>JEUDI 6 JUILLET, 17h<\/strong><\/p>\n<p><strong>Cours de Qi Gong<\/strong> dans le cadre de Beaulieu en \u00e9t\u00e9, parc Beaulieu (espace buvette)<\/p>\n<p>&nbsp;<\/p>\n<p>&nbsp;<\/p>\n","protected":false},"excerpt":{"rendered":"<p>Voici les \u00e9v\u00e9nements \u00e0 venir. Je vous r\u00e9pondrai avec plaisir pour toute pr\u00e9cision, information, conseil pour savoir si l&rsquo;activit\u00e9 peut vous convenir, et pour vous inscrire. N&rsquo;h\u00e9sitez pas \u00e0 m&rsquo;envoyer un mail &#8211; contact@harmonique.ch &#8211; ou \u00e0 me t\u00e9l\u00e9phoner &#8211; 0765840250. Au plaisir de vous rencontrer! &nbsp; JEUDI 15 JUIN, 18h30-22h Atelier constellation familiales et [&hellip;]<\/p>\n","protected":false},"author":2,"featured_media":0,"comment_status":"closed","ping_status":"closed","sticky":false,"template":"","format":"standard","meta":{"footnotes":""},"categories":[1],"tags":[],"class_list":["post-952","post","type-post","status-publish","format-standard","hentry","category-uncategorized"],"_links":{"self":[{"href":"https:\/\/harmonique.ch\/index.php\/wp-json\/wp\/v2\/posts\/952","targetHints":{"allow":["GET"]}}],"collection":[{"href":"https:\/\/harmonique.ch\/index.php\/wp-json\/wp\/v2\/posts"}],"about":[{"href":"https:\/\/harmonique.ch\/index.php\/wp-json\/wp\/v2\/types\/post"}],"author":[{"embeddable":true,"href":"https:\/\/harmonique.ch\/index.php\/wp-json\/wp\/v2\/users\/2"}],"replies":[{"embeddable":true,"href":"https:\/\/harmonique.ch\/index.php\/wp-json\/wp\/v2\/comments?post=952"}],"version-history":[{"count":7,"href":"https:\/\/harmonique.ch\/index.php\/wp-json\/wp\/v2\/posts\/952\/revisions"}],"predecessor-version":[{"id":956,"href":"https:\/\/harmonique.ch\/index.php\/wp-json\/wp\/v2\/posts\/952\/revisions\/956"}],"wp:attachment":[{"href":"https:\/\/harmonique.ch\/index.php\/wp-json\/wp\/v2\/media?parent=952"}],"wp:term":[{"taxonomy":"category","embeddable":true,"href":"https:\/\/harmonique.ch\/index.php\/wp-json\/wp\/v2\/categories?post=952"},{"taxonomy":"post_tag","embeddable":true,"href":"https:\/\/harmonique.ch\/index.php\/wp-json\/wp\/v2\/tags?post=952"}],"curies":[{"name":"wp","href":"https:\/\/api.w.org\/{rel}","templated":true}]}}