{"id":1407,"date":"2026-08-03T16:07:42","date_gmt":"2026-08-03T16:07:42","guid":{"rendered":"https:\/\/harmonique.ch\/?p=1407"},"modified":"2026-08-03T16:07:42","modified_gmt":"2026-08-03T16:07:42","slug":"initiation-aux-baguettes-coudees-iii-16-aout-2026","status":"publish","type":"post","link":"https:\/\/harmonique.ch\/index.php\/2026\/08\/03\/initiation-aux-baguettes-coudees-iii-16-aout-2026\/","title":{"rendered":"INITIATION AUX BAGUETTES COUDEES III &#8211; 16 AOUT 2026"},"content":{"rendered":"\n<p class=\"has-text-align-center has-pale-cyan-blue-background-color has-background has-large-font-size wp-block-paragraph\">Atelier d&rsquo;initiation aux baguettes coud\u00e9es III<\/p>\n\n\n\n<p class=\"has-text-align-center has-medium-font-size wp-block-paragraph\">Date: dimanche 16 ao\u00fbt 2026 de 16h \u00e0 19h.<br>Lieu: cabinet Harmonique, rue de Lausanne 76 1202 Gen\u00e8ve, et parc selon m\u00e9t\u00e9o<br>Tarif: CHF 75.-<br>Inscription: contact@harmonique.ch \/ +41765840250<br>baguettes en pr\u00eat ou 35.- la paire (sur demande pr\u00e9alable)<\/p>\n\n\n\n<p class=\"wp-block-paragraph\">Programme:<\/p>\n\n\n\n<ul class=\"wp-block-list\">\n<li>Effectuer des datations aux baguettes<\/li>\n\n\n\n<li>D\u00e9tecter l&rsquo;aura humaine et effectuer des lectures symboliques<\/li>\n\n\n\n<li>Obtenir des messages (livres, symboles etc.)<\/li>\n<\/ul>\n\n\n\n<p class=\"wp-block-paragraph\">Pr\u00e9-requis: avoir particip\u00e9 aux ateliers I et II ou avoir une exp\u00e9rience aux baguettes coud\u00e9es &#8211; savoir les tenir, se laisser guider, mesurer des ouvertures\/fermetures. <\/p>\n\n\n\n<figure class=\"wp-block-image size-large\"><img loading=\"lazy\" decoding=\"async\" width=\"1024\" height=\"768\" src=\"https:\/\/harmonique.ch\/wp-content\/uploads\/2026\/08\/IMG_3353-1024x768.jpeg\" alt=\"\" class=\"wp-image-1425\" srcset=\"https:\/\/harmonique.ch\/wp-content\/uploads\/2026\/08\/IMG_3353-1024x768.jpeg 1024w, https:\/\/harmonique.ch\/wp-content\/uploads\/2026\/08\/IMG_3353-300x225.jpeg 300w, https:\/\/harmonique.ch\/wp-content\/uploads\/2026\/08\/IMG_3353-768x576.jpeg 768w, https:\/\/harmonique.ch\/wp-content\/uploads\/2026\/08\/IMG_3353-1536x1152.jpeg 1536w, https:\/\/harmonique.ch\/wp-content\/uploads\/2026\/08\/IMG_3353-2048x1536.jpeg 2048w\" sizes=\"auto, (max-width: 1024px) 100vw, 1024px\" \/><\/figure>\n\n\n\n<p class=\"wp-block-paragraph\"><\/p>\n","protected":false},"excerpt":{"rendered":"<p>Atelier d&rsquo;initiation aux baguettes coud\u00e9es III Date: dimanche 16 ao\u00fbt 2026 de 16h \u00e0 19h.Lieu: cabinet Harmonique, rue de Lausanne 76 1202 Gen\u00e8ve, et parc selon m\u00e9t\u00e9oTarif: CHF 75.-Inscription: contact@harmonique.ch \/ +41765840250baguettes en pr\u00eat ou 35.- la paire (sur demande pr\u00e9alable) Programme: Pr\u00e9-requis: avoir particip\u00e9 aux ateliers I et II ou avoir une exp\u00e9rience aux [&hellip;]<\/p>\n","protected":false},"author":2,"featured_media":0,"comment_status":"closed","ping_status":"closed","sticky":false,"template":"","format":"standard","meta":{"footnotes":""},"categories":[1],"tags":[],"class_list":["post-1407","post","type-post","status-publish","format-standard","hentry","category-uncategorized"],"_links":{"self":[{"href":"https:\/\/harmonique.ch\/index.php\/wp-json\/wp\/v2\/posts\/1407","targetHints":{"allow":["GET"]}}],"collection":[{"href":"https:\/\/harmonique.ch\/index.php\/wp-json\/wp\/v2\/posts"}],"about":[{"href":"https:\/\/harmonique.ch\/index.php\/wp-json\/wp\/v2\/types\/post"}],"author":[{"embeddable":true,"href":"https:\/\/harmonique.ch\/index.php\/wp-json\/wp\/v2\/users\/2"}],"replies":[{"embeddable":true,"href":"https:\/\/harmonique.ch\/index.php\/wp-json\/wp\/v2\/comments?post=1407"}],"version-history":[{"count":2,"href":"https:\/\/harmonique.ch\/index.php\/wp-json\/wp\/v2\/posts\/1407\/revisions"}],"predecessor-version":[{"id":1426,"href":"https:\/\/harmonique.ch\/index.php\/wp-json\/wp\/v2\/posts\/1407\/revisions\/1426"}],"wp:attachment":[{"href":"https:\/\/harmonique.ch\/index.php\/wp-json\/wp\/v2\/media?parent=1407"}],"wp:term":[{"taxonomy":"category","embeddable":true,"href":"https:\/\/harmonique.ch\/index.php\/wp-json\/wp\/v2\/categories?post=1407"},{"taxonomy":"post_tag","embeddable":true,"href":"https:\/\/harmonique.ch\/index.php\/wp-json\/wp\/v2\/tags?post=1407"}],"curies":[{"name":"wp","href":"https:\/\/api.w.org\/{rel}","templated":true}]}}