{"id":1388,"date":"2026-06-21T21:28:38","date_gmt":"2026-06-21T21:28:38","guid":{"rendered":"https:\/\/harmonique.ch\/?p=1388"},"modified":"2026-06-26T21:43:07","modified_gmt":"2026-06-26T21:43:07","slug":"initiation-baguettes-1017-juillet-2026","status":"publish","type":"post","link":"https:\/\/harmonique.ch\/index.php\/2026\/06\/21\/initiation-baguettes-1017-juillet-2026\/","title":{"rendered":"INITIATION BAGUETTES 10&amp;17 JUILLET 2026"},"content":{"rendered":"\n<h2 class=\"wp-block-heading has-text-align-center has-pale-cyan-blue-background-color has-background\">PROCHAINE INITIATION<br>VENDREDI 10 ET 17 JUILLET DE 18H \u00e0 21H<\/h2>\n\n\n\n<p class=\"has-text-align-center has-medium-font-size wp-block-paragraph\">L&rsquo;initiation est organis\u00e9e sur 2 soir\u00e9es.<br>Lieu: cabinet Harmonique, rue de Lausanne 76 et parc selon m\u00e9t\u00e9o<br>Tarif: CHF 150.-<br>Inscription: contact@harmonique.ch \/ +41765840250<br>baguettes en pr\u00eat ou 35.- la paire<\/p>\n\n\n\n<p class=\"wp-block-paragraph\">Vous apprendrez \u00e0 :<\/p>\n\n\n\n<ul class=\"wp-block-list\">\n<li>Tenir les baguettes<\/li>\n\n\n\n<li>Ressentir et vous laisser guider par les mouvements des baguettes<\/li>\n\n\n\n<li>Faire des tests sous forme de \u00ab&nbsp;oui&nbsp;\u00bb ou \u00ab&nbsp;non&nbsp;\u00bb (ouvrages, aliments)<\/li>\n\n\n\n<li>Dater des ph\u00e9nom\u00e8nes<\/li>\n\n\n\n<li>Entrer en contact avec l\u2019aura des arbres et ressentir l\u2019\u00e9nergie des v\u00e9g\u00e9taux<\/li>\n\n\n\n<li>D\u00e9tecter l&rsquo;aura humaine<\/li>\n<\/ul>\n\n\n\n<p class=\"wp-block-paragraph\">Des exercices de centrage et des pratiques de Qi Gong viendront rythmer les soir\u00e9es, permettant d\u2019affiner votre ressenti et de faire circuler l\u2019\u00e9nergie vitale (chi) de mani\u00e8re fluide et harmonieuse.<\/p>\n\n\n\n<p class=\"wp-block-paragraph\">Une date suppl\u00e9mentaire, facultative, sera propos\u00e9e d&rsquo;entente avec les participant.es, afin d&rsquo;aller plus loin sur la lecture d&rsquo;aura et permettre une pratique assist\u00e9e.<\/p>\n\n\n\n<p class=\"wp-block-paragraph\">A la fin de l&rsquo;initiation, vous serez capable de :<\/p>\n\n\n\n<ul class=\"wp-block-list\">\n<li>R\u00e9aliser des d\u00e9tections plus fines et recevoir des messages<\/li>\n\n\n\n<li>D\u00e9tecter l\u2019aura humaine et effectuer des lectures symboliques<\/li>\n\n\n\n<li>Obtenir des messages en lien avec la forme de l\u2019aura<\/li>\n\n\n\n<li>Obtenir des informations plus subtiles \u00e0 partir de la symbolique des d\u00e9tections<\/li>\n\n\n\n<li><\/li>\n<\/ul>\n\n\n\n<figure class=\"wp-block-image size-large\"><img loading=\"lazy\" decoding=\"async\" width=\"1024\" height=\"768\" src=\"https:\/\/harmonique.ch\/wp-content\/uploads\/2021\/02\/Medecine-symbolique-Geneve-baguettes-1024x768.jpg\" alt=\"\" class=\"wp-image-800\" srcset=\"https:\/\/harmonique.ch\/wp-content\/uploads\/2021\/02\/Medecine-symbolique-Geneve-baguettes-1024x768.jpg 1024w, https:\/\/harmonique.ch\/wp-content\/uploads\/2021\/02\/Medecine-symbolique-Geneve-baguettes-300x225.jpg 300w, https:\/\/harmonique.ch\/wp-content\/uploads\/2021\/02\/Medecine-symbolique-Geneve-baguettes-768x576.jpg 768w, https:\/\/harmonique.ch\/wp-content\/uploads\/2021\/02\/Medecine-symbolique-Geneve-baguettes-1536x1152.jpg 1536w, https:\/\/harmonique.ch\/wp-content\/uploads\/2021\/02\/Medecine-symbolique-Geneve-baguettes-2048x1536.jpg 2048w\" sizes=\"auto, (max-width: 1024px) 100vw, 1024px\" \/><figcaption class=\"wp-element-caption\">baguettes<\/figcaption><\/figure>\n","protected":false},"excerpt":{"rendered":"<p>PROCHAINE INITIATIONVENDREDI 10 ET 17 JUILLET DE 18H \u00e0 21H L&rsquo;initiation est organis\u00e9e sur 2 soir\u00e9es.Lieu: cabinet Harmonique, rue de Lausanne 76 et parc selon m\u00e9t\u00e9oTarif: CHF 150.-Inscription: contact@harmonique.ch \/ +41765840250baguettes en pr\u00eat ou 35.- la paire Vous apprendrez \u00e0 : Des exercices de centrage et des pratiques de Qi Gong viendront rythmer les soir\u00e9es, [&hellip;]<\/p>\n","protected":false},"author":2,"featured_media":0,"comment_status":"closed","ping_status":"closed","sticky":false,"template":"","format":"standard","meta":{"footnotes":""},"categories":[1],"tags":[],"class_list":["post-1388","post","type-post","status-publish","format-standard","hentry","category-uncategorized"],"_links":{"self":[{"href":"https:\/\/harmonique.ch\/index.php\/wp-json\/wp\/v2\/posts\/1388","targetHints":{"allow":["GET"]}}],"collection":[{"href":"https:\/\/harmonique.ch\/index.php\/wp-json\/wp\/v2\/posts"}],"about":[{"href":"https:\/\/harmonique.ch\/index.php\/wp-json\/wp\/v2\/types\/post"}],"author":[{"embeddable":true,"href":"https:\/\/harmonique.ch\/index.php\/wp-json\/wp\/v2\/users\/2"}],"replies":[{"embeddable":true,"href":"https:\/\/harmonique.ch\/index.php\/wp-json\/wp\/v2\/comments?post=1388"}],"version-history":[{"count":4,"href":"https:\/\/harmonique.ch\/index.php\/wp-json\/wp\/v2\/posts\/1388\/revisions"}],"predecessor-version":[{"id":1399,"href":"https:\/\/harmonique.ch\/index.php\/wp-json\/wp\/v2\/posts\/1388\/revisions\/1399"}],"wp:attachment":[{"href":"https:\/\/harmonique.ch\/index.php\/wp-json\/wp\/v2\/media?parent=1388"}],"wp:term":[{"taxonomy":"category","embeddable":true,"href":"https:\/\/harmonique.ch\/index.php\/wp-json\/wp\/v2\/categories?post=1388"},{"taxonomy":"post_tag","embeddable":true,"href":"https:\/\/harmonique.ch\/index.php\/wp-json\/wp\/v2\/tags?post=1388"}],"curies":[{"name":"wp","href":"https:\/\/api.w.org\/{rel}","templated":true}]}}