{"id":1381,"date":"2026-06-21T20:23:41","date_gmt":"2026-06-21T20:23:41","guid":{"rendered":"https:\/\/harmonique.ch\/?p=1381"},"modified":"2026-08-25T09:49:00","modified_gmt":"2026-08-25T09:49:00","slug":"qi-gong-au-parc-beaulieu-ete-2026","status":"publish","type":"post","link":"https:\/\/harmonique.ch\/index.php\/2026\/06\/21\/qi-gong-au-parc-beaulieu-ete-2026\/","title":{"rendered":"QI GONG AU PARC BEAULIEU &#8211; ETE 2026"},"content":{"rendered":"\n<p class=\"wp-block-paragraph\">Les cours de Qi gong ont lieu aux par Beaulieu &#8211;  rdv \u00e0 la buvette en face de l&rsquo;\u00e9cole de Beaulieu, rue du Grand-Pr\u00e9 22<\/p>\n\n\n\n<ul class=\"wp-block-list\">\n<li><strong>Mercredis 1, 8, 15 juillet de 18h30 \u00e0 19h30<\/strong><\/li>\n\n\n\n<li><strong>Mercredi 22 juillet de 18h \u00e0 19h<\/strong><\/li>\n\n\n\n<li><strong>Mercredi 5, 12, 19, 26 ao\u00fbt et 2 septembre de 18h30 \u00e0 19h30<\/strong><\/li>\n<\/ul>\n\n\n\n<p class=\"wp-block-paragraph\">Nous pratiquons \u00e0 l\u2019ombre des arbres dans le parc. <br>Prix libre, pas d&rsquo;inscription mais possibilit\u00e9 de rejoindre le groupe what&rsquo;sapp &#8211; me contacter au 0765840250<br>Acc\u00e8s: \u00e0 7mn \u00e0 pieds de la gare Cornavin, en traversant par le parc des Cropettes. Bus 8 arr\u00eat Grottes.<\/p>\n\n\n\n<p class=\"wp-block-paragraph\">Aucune connaissance pr\u00e9alable requise, viens avec des v\u00eatements amples, confortables. Ouverture du corps, respirations, mouvements pour faire circuler le Qi, l\u2019\u00e9nergie vitale dans le corps. Echauffement, apprentissage et pratique d\u2019une forme du qi gong de la sant\u00e9. <\/p>\n\n\n\n<p class=\"wp-block-paragraph\">Durant l\u2019\u00e9t\u00e9, les cours priv\u00e9s en salle restent possibles les vendredis et samedis, sur demande.<\/p>\n\n\n\n<figure class=\"wp-block-image size-large\"><img loading=\"lazy\" decoding=\"async\" width=\"1024\" height=\"683\" src=\"https:\/\/harmonique.ch\/wp-content\/uploads\/2025\/07\/Capture-decran-2025-07-04-a-13.13.37-1024x683.png\" alt=\"\" class=\"wp-image-1274\" srcset=\"https:\/\/harmonique.ch\/wp-content\/uploads\/2025\/07\/Capture-decran-2025-07-04-a-13.13.37-1024x683.png 1024w, https:\/\/harmonique.ch\/wp-content\/uploads\/2025\/07\/Capture-decran-2025-07-04-a-13.13.37-300x200.png 300w, https:\/\/harmonique.ch\/wp-content\/uploads\/2025\/07\/Capture-decran-2025-07-04-a-13.13.37-768x512.png 768w, https:\/\/harmonique.ch\/wp-content\/uploads\/2025\/07\/Capture-decran-2025-07-04-a-13.13.37-1536x1024.png 1536w\" sizes=\"auto, (max-width: 1024px) 100vw, 1024px\" \/><figcaption class=\"wp-element-caption\">cours de Qi gong au parc 2026<\/figcaption><\/figure>\n","protected":false},"excerpt":{"rendered":"<p>Les cours de Qi gong ont lieu aux par Beaulieu &#8211; rdv \u00e0 la buvette en face de l&rsquo;\u00e9cole de Beaulieu, rue du Grand-Pr\u00e9 22 Nous pratiquons \u00e0 l\u2019ombre des arbres dans le parc. Prix libre, pas d&rsquo;inscription mais possibilit\u00e9 de rejoindre le groupe what&rsquo;sapp &#8211; me contacter au 0765840250Acc\u00e8s: \u00e0 7mn \u00e0 pieds de [&hellip;]<\/p>\n","protected":false},"author":2,"featured_media":0,"comment_status":"closed","ping_status":"closed","sticky":false,"template":"","format":"standard","meta":{"footnotes":""},"categories":[1],"tags":[33,13,26,28,27],"class_list":["post-1381","post","type-post","status-publish","format-standard","hentry","category-uncategorized","tag-beaulieu","tag-geneve","tag-qi-gong","tag-sport-au-parc","tag-tai-chi"],"_links":{"self":[{"href":"https:\/\/harmonique.ch\/index.php\/wp-json\/wp\/v2\/posts\/1381","targetHints":{"allow":["GET"]}}],"collection":[{"href":"https:\/\/harmonique.ch\/index.php\/wp-json\/wp\/v2\/posts"}],"about":[{"href":"https:\/\/harmonique.ch\/index.php\/wp-json\/wp\/v2\/types\/post"}],"author":[{"embeddable":true,"href":"https:\/\/harmonique.ch\/index.php\/wp-json\/wp\/v2\/users\/2"}],"replies":[{"embeddable":true,"href":"https:\/\/harmonique.ch\/index.php\/wp-json\/wp\/v2\/comments?post=1381"}],"version-history":[{"count":5,"href":"https:\/\/harmonique.ch\/index.php\/wp-json\/wp\/v2\/posts\/1381\/revisions"}],"predecessor-version":[{"id":1430,"href":"https:\/\/harmonique.ch\/index.php\/wp-json\/wp\/v2\/posts\/1381\/revisions\/1430"}],"wp:attachment":[{"href":"https:\/\/harmonique.ch\/index.php\/wp-json\/wp\/v2\/media?parent=1381"}],"wp:term":[{"taxonomy":"category","embeddable":true,"href":"https:\/\/harmonique.ch\/index.php\/wp-json\/wp\/v2\/categories?post=1381"},{"taxonomy":"post_tag","embeddable":true,"href":"https:\/\/harmonique.ch\/index.php\/wp-json\/wp\/v2\/tags?post=1381"}],"curies":[{"name":"wp","href":"https:\/\/api.w.org\/{rel}","templated":true}]}}