{"id":1326,"date":"2026-01-02T18:47:14","date_gmt":"2026-01-02T18:47:14","guid":{"rendered":"https:\/\/harmonique.ch\/?p=1326"},"modified":"2026-03-13T23:41:07","modified_gmt":"2026-03-13T23:41:07","slug":"retraite-de-bien-etre-holistique-en-preparation-2026","status":"publish","type":"post","link":"https:\/\/harmonique.ch\/index.php\/2026\/01\/02\/retraite-de-bien-etre-holistique-en-preparation-2026\/","title":{"rendered":"Retraite de bien-\u00eatre holistique en pr\u00e9paration &#8211; 2026"},"content":{"rendered":"\n<h3 class=\"wp-block-heading\">S\u00e9jour pour prendre soin de soi: corps, \u00e2me, esprit<\/h3>\n\n\n\n<p class=\"wp-block-paragraph\">Nouvelle ann\u00e9e, nouveaux projets!<br><br>Trois jours au c\u0153ur de la montagne, dans les Alpes.<br>En pleine pr\u00e9sence, \u00e0 l&rsquo;\u00e9coute des \u00e9l\u00e9ments, de ton corps, de ton \u00e2me, pour engager ou accompagner un processus de transformation.<\/p>\n\n\n\n<p class=\"wp-block-paragraph\">Au programme: <br>&#8211; des ouvertures de conscience et soins en m\u00e9decine symbolique: r\u00e9v\u00e9ler le sens profond des probl\u00e9matiques v\u00e9cues<br>&#8211; des pratiques de qi gong, accessibles \u00e0 toute.s: cultiver son \u00e9nergie vitale et la pr\u00e9sence \u00e0 soi<br>&#8211; la rencontre avec des lieux porteurs d\u2019une dimension sacr\u00e9e: se recharger en profondeur, en r\u00e9sonance avec le vivant.<br>&#8211; du temps libre, pour soi, des possibilit\u00e9s de balades et de baignade<\/p>\n\n\n\n<p class=\"wp-block-paragraph\">Du 15 au 17 mai 2026. <br>Ce week end est en pr\u00e9paration. Pour \u00eatre tenu.e inform\u00e9.e et recevoir le programme: contact@harmonique.ch<\/p>\n\n\n\n<p class=\"wp-block-paragraph\"><\/p>\n","protected":false},"excerpt":{"rendered":"<p>S\u00e9jour pour prendre soin de soi: corps, \u00e2me, esprit Nouvelle ann\u00e9e, nouveaux projets! Trois jours au c\u0153ur de la montagne, dans les Alpes.En pleine pr\u00e9sence, \u00e0 l&rsquo;\u00e9coute des \u00e9l\u00e9ments, de ton corps, de ton \u00e2me, pour engager ou accompagner un processus de transformation. Au programme: &#8211; des ouvertures de conscience et soins en m\u00e9decine symbolique: [&hellip;]<\/p>\n","protected":false},"author":2,"featured_media":0,"comment_status":"closed","ping_status":"closed","sticky":false,"template":"","format":"standard","meta":{"footnotes":""},"categories":[1],"tags":[],"class_list":["post-1326","post","type-post","status-publish","format-standard","hentry","category-uncategorized"],"_links":{"self":[{"href":"https:\/\/harmonique.ch\/index.php\/wp-json\/wp\/v2\/posts\/1326","targetHints":{"allow":["GET"]}}],"collection":[{"href":"https:\/\/harmonique.ch\/index.php\/wp-json\/wp\/v2\/posts"}],"about":[{"href":"https:\/\/harmonique.ch\/index.php\/wp-json\/wp\/v2\/types\/post"}],"author":[{"embeddable":true,"href":"https:\/\/harmonique.ch\/index.php\/wp-json\/wp\/v2\/users\/2"}],"replies":[{"embeddable":true,"href":"https:\/\/harmonique.ch\/index.php\/wp-json\/wp\/v2\/comments?post=1326"}],"version-history":[{"count":3,"href":"https:\/\/harmonique.ch\/index.php\/wp-json\/wp\/v2\/posts\/1326\/revisions"}],"predecessor-version":[{"id":1347,"href":"https:\/\/harmonique.ch\/index.php\/wp-json\/wp\/v2\/posts\/1326\/revisions\/1347"}],"wp:attachment":[{"href":"https:\/\/harmonique.ch\/index.php\/wp-json\/wp\/v2\/media?parent=1326"}],"wp:term":[{"taxonomy":"category","embeddable":true,"href":"https:\/\/harmonique.ch\/index.php\/wp-json\/wp\/v2\/categories?post=1326"},{"taxonomy":"post_tag","embeddable":true,"href":"https:\/\/harmonique.ch\/index.php\/wp-json\/wp\/v2\/tags?post=1326"}],"curies":[{"name":"wp","href":"https:\/\/api.w.org\/{rel}","templated":true}]}}