{"id":1315,"date":"2025-11-07T16:04:31","date_gmt":"2025-11-07T16:04:31","guid":{"rendered":"https:\/\/harmonique.ch\/?p=1315"},"modified":"2025-11-07T16:08:22","modified_gmt":"2025-11-07T16:08:22","slug":"constellations-fetes-de-noel-28-novembre-18h-20h30","status":"publish","type":"post","link":"https:\/\/harmonique.ch\/index.php\/2025\/11\/07\/constellations-fetes-de-noel-28-novembre-18h-20h30\/","title":{"rendered":"Constellations F\u00eates de No\u00ebl &#8211; 28 novembre 18h-20h30"},"content":{"rendered":"\n<p class=\"wp-block-paragraph\">Les f\u00eates de No\u00ebl approchent\u2026 et avec elles, les retrouvailles familiales. Pour certains, c\u2019est un moment de joie et de partage. Pour d\u2019autres, c\u2019est une p\u00e9riode de stress, de tensions, d\u2019obligations sociales\u2026 et parfois de non-dits qui p\u00e8sent lourd.<\/p>\n\n\n\n<p class=\"wp-block-paragraph\">Cet atelier propose d&rsquo;explorer les dynamiques familiales autour de ce th\u00e8me, pour all\u00e9ger ce qui p\u00e8se et vivre des f\u00eates plus sereines.<\/p>\n\n\n\n<p class=\"wp-block-paragraph\">Guid\u00e9 aux baguettes coud\u00e9es par Sandra et Olivier.<\/p>\n\n\n\n<p class=\"wp-block-paragraph\">Places limit\u00e9es \u2014 inscription : contact@harmonique.ch ou t\u00e9l. 0765840250 <\/p>\n\n\n\n<p class=\"wp-block-paragraph\">CHF 50.- \/ rue de Lausanne 76, 1202 Gen\u00e8ve<\/p>\n\n\n\n<figure class=\"wp-block-image size-large\"><img loading=\"lazy\" decoding=\"async\" width=\"768\" height=\"1024\" src=\"https:\/\/harmonique.ch\/wp-content\/uploads\/2025\/11\/Constellations-3-768x1024.jpg\" alt=\"\" class=\"wp-image-1316\" srcset=\"https:\/\/harmonique.ch\/wp-content\/uploads\/2025\/11\/Constellations-3-768x1024.jpg 768w, https:\/\/harmonique.ch\/wp-content\/uploads\/2025\/11\/Constellations-3-225x300.jpg 225w, https:\/\/harmonique.ch\/wp-content\/uploads\/2025\/11\/Constellations-3.jpg 1080w\" sizes=\"auto, (max-width: 768px) 100vw, 768px\" \/><\/figure>\n","protected":false},"excerpt":{"rendered":"<p>Les f\u00eates de No\u00ebl approchent\u2026 et avec elles, les retrouvailles familiales. Pour certains, c\u2019est un moment de joie et de partage. Pour d\u2019autres, c\u2019est une p\u00e9riode de stress, de tensions, d\u2019obligations sociales\u2026 et parfois de non-dits qui p\u00e8sent lourd. Cet atelier propose d&rsquo;explorer les dynamiques familiales autour de ce th\u00e8me, pour all\u00e9ger ce qui p\u00e8se [&hellip;]<\/p>\n","protected":false},"author":2,"featured_media":0,"comment_status":"closed","ping_status":"closed","sticky":false,"template":"","format":"standard","meta":{"footnotes":""},"categories":[1],"tags":[],"class_list":["post-1315","post","type-post","status-publish","format-standard","hentry","category-uncategorized"],"_links":{"self":[{"href":"https:\/\/harmonique.ch\/index.php\/wp-json\/wp\/v2\/posts\/1315","targetHints":{"allow":["GET"]}}],"collection":[{"href":"https:\/\/harmonique.ch\/index.php\/wp-json\/wp\/v2\/posts"}],"about":[{"href":"https:\/\/harmonique.ch\/index.php\/wp-json\/wp\/v2\/types\/post"}],"author":[{"embeddable":true,"href":"https:\/\/harmonique.ch\/index.php\/wp-json\/wp\/v2\/users\/2"}],"replies":[{"embeddable":true,"href":"https:\/\/harmonique.ch\/index.php\/wp-json\/wp\/v2\/comments?post=1315"}],"version-history":[{"count":2,"href":"https:\/\/harmonique.ch\/index.php\/wp-json\/wp\/v2\/posts\/1315\/revisions"}],"predecessor-version":[{"id":1320,"href":"https:\/\/harmonique.ch\/index.php\/wp-json\/wp\/v2\/posts\/1315\/revisions\/1320"}],"wp:attachment":[{"href":"https:\/\/harmonique.ch\/index.php\/wp-json\/wp\/v2\/media?parent=1315"}],"wp:term":[{"taxonomy":"category","embeddable":true,"href":"https:\/\/harmonique.ch\/index.php\/wp-json\/wp\/v2\/categories?post=1315"},{"taxonomy":"post_tag","embeddable":true,"href":"https:\/\/harmonique.ch\/index.php\/wp-json\/wp\/v2\/tags?post=1315"}],"curies":[{"name":"wp","href":"https:\/\/api.w.org\/{rel}","templated":true}]}}