{"id":1304,"date":"2025-09-19T18:55:58","date_gmt":"2025-09-19T18:55:58","guid":{"rendered":"https:\/\/harmonique.ch\/?p=1304"},"modified":"2025-10-04T12:57:28","modified_gmt":"2025-10-04T12:57:28","slug":"constellations-familiales-symboliques","status":"publish","type":"post","link":"https:\/\/harmonique.ch\/index.php\/2025\/09\/19\/constellations-familiales-symboliques\/","title":{"rendered":"Constellations aux baguettes coud\u00e9es"},"content":{"rendered":"\n<p class=\"has-medium-font-size wp-block-paragraph\"><strong>R\u00e9v\u00e9ler les secrets inconscients de vos dynamiques familiales<\/strong><\/p>\n\n\n\n<p class=\"has-medium-font-size wp-block-paragraph\">Vendredi 24 octobre 2025<br>18h \u2013 20h30<br>Cabinet Harmonique, rue de Lausanne 76, 1201 Gen\u00e8ve<br>Tarif:&nbsp;45.-<\/p>\n\n\n\n<p class=\"has-medium-font-size wp-block-paragraph\">Cette approche combine le langage des symboles et l\u2019\u00e9coute de l\u2019\u00e2me pour r\u00e9v\u00e9ler les d\u00e9s\u00e9quilibres \u00e9nerg\u00e9tiques et lib\u00e9rer les m\u00e9moires transg\u00e9n\u00e9rationnelles. Les constellations seront men\u00e9es aux baguettes par Sandra et Olivier.<\/p>\n\n\n\n<p class=\"wp-block-paragraph\">D\u00c9ROULEMENT<\/p>\n\n\n\n<p class=\"wp-block-paragraph\">Les baguettes sont utilis\u00e9es pour laisser les constellations (positionnements, symboles) se mettre en place d\u2019elles-m\u00eames. Cette m\u00e9thode utilise \u00e0 la fois des cas personnels \u2013 avec leurs solutions \u2013 et l\u2019\u00e9nergie du groupe. Souvent, cela sollicite la participation de diff\u00e9rentes personnes pour aider \u00e0 la r\u00e9solution d\u2019un cas (principe des constellations). Dans ce cas, chaque participant est \u00e9videmment concern\u00e9 par le positionnement qu\u2019il joue.<\/p>\n\n\n\n<p class=\"wp-block-paragraph\">Venez avec vos demandes, quelles que soient les difficult\u00e9s que vous vivez. De nombreux th\u00e8mes peuvent \u00eatre abord\u00e9s (famille, couple, argent, r\u00e9p\u00e9titions, maladies, etc.).<\/p>\n\n\n\n<ul class=\"wp-block-list\">\n<li><strong>Exploration des liens d\u2019\u00e2me \u00e0 \u00e2me<\/strong>&nbsp;pour \u00e9clairer les transmissions inconscientes et les places occup\u00e9es dans votre syst\u00e8me.<\/li>\n\n\n\n<li>Laisser parler les constellations, \u00e9merger les non-dits, r\u00e9v\u00e9ler les bloquages.<\/li>\n\n\n\n<li>Rencontrez vos anc\u00eatres, vos descendants, les \u00eatres constell\u00e9s.<strong> Tous am\u00e8nent du sens et sont porteurs de solutions.<\/strong> <\/li>\n\n\n\n<li>Cette approche intuitive et th\u00e9rapeutique r\u00e9v\u00e8le le sens de situations souvent pesantes et incomprises,  am\u00e8ne des cl\u00e9s pour retrouver paix et harmonie int\u00e9rieure.<\/li>\n<\/ul>\n\n\n\n<p class=\"wp-block-paragraph\">\ud83d\udce9&nbsp;<strong>Inscription<\/strong>&nbsp;: contact@harmonique.ch ou 0765840250<\/p>\n\n\n\n<p class=\"wp-block-paragraph\"><a href=\"https:\/\/www.praticiens-medecinesymbolique.org\/evenements-libres\/atelier-constellations-avec-les-baguettes-coudees-geneve-ch-24-octobre-2025\">https:\/\/www.praticiens-medecinesymbolique.org\/evenements-libres\/atelier-constellations-avec-les-baguettes-coudees-geneve-ch-24-octobre-2025<\/a><\/p>\n\n\n\n<p class=\"wp-block-paragraph\"><\/p>\n","protected":false},"excerpt":{"rendered":"<p>R\u00e9v\u00e9ler les secrets inconscients de vos dynamiques familiales Vendredi 24 octobre 202518h \u2013 20h30Cabinet Harmonique, rue de Lausanne 76, 1201 Gen\u00e8veTarif:&nbsp;45.- Cette approche combine le langage des symboles et l\u2019\u00e9coute de l\u2019\u00e2me pour r\u00e9v\u00e9ler les d\u00e9s\u00e9quilibres \u00e9nerg\u00e9tiques et lib\u00e9rer les m\u00e9moires transg\u00e9n\u00e9rationnelles. Les constellations seront men\u00e9es aux baguettes par Sandra et Olivier. D\u00c9ROULEMENT Les baguettes [&hellip;]<\/p>\n","protected":false},"author":2,"featured_media":0,"comment_status":"closed","ping_status":"closed","sticky":false,"template":"","format":"standard","meta":{"footnotes":""},"categories":[1],"tags":[],"class_list":["post-1304","post","type-post","status-publish","format-standard","hentry","category-uncategorized"],"_links":{"self":[{"href":"https:\/\/harmonique.ch\/index.php\/wp-json\/wp\/v2\/posts\/1304","targetHints":{"allow":["GET"]}}],"collection":[{"href":"https:\/\/harmonique.ch\/index.php\/wp-json\/wp\/v2\/posts"}],"about":[{"href":"https:\/\/harmonique.ch\/index.php\/wp-json\/wp\/v2\/types\/post"}],"author":[{"embeddable":true,"href":"https:\/\/harmonique.ch\/index.php\/wp-json\/wp\/v2\/users\/2"}],"replies":[{"embeddable":true,"href":"https:\/\/harmonique.ch\/index.php\/wp-json\/wp\/v2\/comments?post=1304"}],"version-history":[{"count":7,"href":"https:\/\/harmonique.ch\/index.php\/wp-json\/wp\/v2\/posts\/1304\/revisions"}],"predecessor-version":[{"id":1314,"href":"https:\/\/harmonique.ch\/index.php\/wp-json\/wp\/v2\/posts\/1304\/revisions\/1314"}],"wp:attachment":[{"href":"https:\/\/harmonique.ch\/index.php\/wp-json\/wp\/v2\/media?parent=1304"}],"wp:term":[{"taxonomy":"category","embeddable":true,"href":"https:\/\/harmonique.ch\/index.php\/wp-json\/wp\/v2\/categories?post=1304"},{"taxonomy":"post_tag","embeddable":true,"href":"https:\/\/harmonique.ch\/index.php\/wp-json\/wp\/v2\/tags?post=1304"}],"curies":[{"name":"wp","href":"https:\/\/api.w.org\/{rel}","templated":true}]}}