{"id":1283,"date":"2025-08-29T13:33:49","date_gmt":"2025-08-29T13:33:49","guid":{"rendered":"https:\/\/harmonique.ch\/?p=1283"},"modified":"2025-08-29T13:33:49","modified_gmt":"2025-08-29T13:33:49","slug":"programme-des-cours-de-qi-gong-automne-2025","status":"publish","type":"post","link":"https:\/\/harmonique.ch\/index.php\/2025\/08\/29\/programme-des-cours-de-qi-gong-automne-2025\/","title":{"rendered":"Programme des cours de QI GONG &#8211; automne 2025"},"content":{"rendered":"\n<figure class=\"wp-block-image size-full is-resized\"><img loading=\"lazy\" decoding=\"async\" width=\"965\" height=\"639\" src=\"https:\/\/harmonique.ch\/wp-content\/uploads\/2025\/08\/2.jpg\" alt=\"\" class=\"wp-image-1284\" style=\"width:529px;height:auto\" srcset=\"https:\/\/harmonique.ch\/wp-content\/uploads\/2025\/08\/2.jpg 965w, https:\/\/harmonique.ch\/wp-content\/uploads\/2025\/08\/2-300x199.jpg 300w, https:\/\/harmonique.ch\/wp-content\/uploads\/2025\/08\/2-768x509.jpg 768w\" sizes=\"auto, (max-width: 965px) 100vw, 965px\" \/><\/figure>\n\n\n\n<p class=\"wp-block-paragraph\">Cours semi-priv\u00e9s, 4 personnes max.<\/p>\n\n\n\n<p class=\"wp-block-paragraph\">Les cours ont lieu \u00e0 la rue de Lausanne 76, \u00e0 l&rsquo;espace Harmonique.<\/p>\n\n\n\n<p class=\"wp-block-paragraph\">CHF25.-\/ cours ou CHF110.- la session de 5 cours<\/p>\n\n\n\n<p class=\"wp-block-paragraph\">Inscriptions: contact@harmonique.ch, ou +41765840250<\/p>\n","protected":false},"excerpt":{"rendered":"<p>Cours semi-priv\u00e9s, 4 personnes max. Les cours ont lieu \u00e0 la rue de Lausanne 76, \u00e0 l&rsquo;espace Harmonique. CHF25.-\/ cours ou CHF110.- la session de 5 cours Inscriptions: contact@harmonique.ch, ou +41765840250<\/p>\n","protected":false},"author":2,"featured_media":0,"comment_status":"closed","ping_status":"closed","sticky":false,"template":"","format":"standard","meta":{"footnotes":""},"categories":[1],"tags":[],"class_list":["post-1283","post","type-post","status-publish","format-standard","hentry","category-uncategorized"],"_links":{"self":[{"href":"https:\/\/harmonique.ch\/index.php\/wp-json\/wp\/v2\/posts\/1283","targetHints":{"allow":["GET"]}}],"collection":[{"href":"https:\/\/harmonique.ch\/index.php\/wp-json\/wp\/v2\/posts"}],"about":[{"href":"https:\/\/harmonique.ch\/index.php\/wp-json\/wp\/v2\/types\/post"}],"author":[{"embeddable":true,"href":"https:\/\/harmonique.ch\/index.php\/wp-json\/wp\/v2\/users\/2"}],"replies":[{"embeddable":true,"href":"https:\/\/harmonique.ch\/index.php\/wp-json\/wp\/v2\/comments?post=1283"}],"version-history":[{"count":1,"href":"https:\/\/harmonique.ch\/index.php\/wp-json\/wp\/v2\/posts\/1283\/revisions"}],"predecessor-version":[{"id":1285,"href":"https:\/\/harmonique.ch\/index.php\/wp-json\/wp\/v2\/posts\/1283\/revisions\/1285"}],"wp:attachment":[{"href":"https:\/\/harmonique.ch\/index.php\/wp-json\/wp\/v2\/media?parent=1283"}],"wp:term":[{"taxonomy":"category","embeddable":true,"href":"https:\/\/harmonique.ch\/index.php\/wp-json\/wp\/v2\/categories?post=1283"},{"taxonomy":"post_tag","embeddable":true,"href":"https:\/\/harmonique.ch\/index.php\/wp-json\/wp\/v2\/tags?post=1283"}],"curies":[{"name":"wp","href":"https:\/\/api.w.org\/{rel}","templated":true}]}}