{"id":1273,"date":"2025-07-04T11:16:56","date_gmt":"2025-07-04T11:16:56","guid":{"rendered":"https:\/\/harmonique.ch\/?p=1273"},"modified":"2025-08-29T13:22:03","modified_gmt":"2025-08-29T13:22:03","slug":"qi-gong-au-parc-ete-2025","status":"publish","type":"post","link":"https:\/\/harmonique.ch\/index.php\/2025\/07\/04\/qi-gong-au-parc-ete-2025\/","title":{"rendered":"Qi Gong au parc &#8211; \u00e9t\u00e9 2025"},"content":{"rendered":"\n<p class=\"wp-block-paragraph\">Les pratiques de Qi gong de cet \u00e9t\u00e9 auront lieux aux dates suivantes :<\/p>\n\n\n\n<ul class=\"wp-block-list\">\n<li><strong>Dimanches 6, 13, 20 juillet<\/strong><\/li>\n\n\n\n<li><strong>Mercredi 30 juillet 10h30<\/strong><\/li>\n\n\n\n<li><strong>Samedi 2 ao\u00fbt<\/strong><\/li>\n\n\n\n<li><strong>Dimanches 10, 17, 24, 31 ao\u00fbt<\/strong><\/li>\n\n\n\n<li><strong>Dimanche 14 septembre<\/strong><\/li>\n<\/ul>\n\n\n\n<p class=\"wp-block-paragraph\">Horaire: <strong>de 10h30 \u00e0 11h30<\/strong> <\/p>\n\n\n\n<p class=\"wp-block-paragraph\">Lieu: rdv <strong>\u00e0 la buvette du parc Beaulieu<\/strong>, au dessus-des serres, en-dessous de l&rsquo;\u00e9cole de Beaulieu rue du Grand-Pr\u00e9 22. Nous pratiquerons \u00e0 l&rsquo;ombre des arbres dans le parc.<\/p>\n\n\n\n<p class=\"wp-block-paragraph\">Acc\u00e8s: \u00e0 7mn \u00e0 pieds de la gare Cornavin, en traversant par le parc des Cropettes<\/p>\n\n\n\n<p class=\"wp-block-paragraph\">Tarif: sur donation.<\/p>\n\n\n\n<p class=\"wp-block-paragraph\">Aucune connaissance pr\u00e9alable requise, viens avec des v\u00eatements amples, confortables. Ouverture du corps, respirations, mouvements pour faire circuler le Qi, l&rsquo;\u00e9nergie vitale dans le corps. Echauffement, apprentissage et pratique d&rsquo;une forme du qi gong de la sant\u00e9. De quoi se retrouver en pleine forme pour bien poursuivre le week end!<\/p>\n\n\n\n<p class=\"wp-block-paragraph\">Durant l&rsquo;\u00e9t\u00e9, les cours priv\u00e9s en salle restent possibles les vendredis et samedis, sur demande.<\/p>\n\n\n\n<figure class=\"wp-block-image size-large\"><img loading=\"lazy\" decoding=\"async\" width=\"1024\" height=\"683\" src=\"https:\/\/harmonique.ch\/wp-content\/uploads\/2025\/07\/Capture-decran-2025-07-04-a-13.13.37-1024x683.png\" alt=\"\" class=\"wp-image-1274\" srcset=\"https:\/\/harmonique.ch\/wp-content\/uploads\/2025\/07\/Capture-decran-2025-07-04-a-13.13.37-1024x683.png 1024w, https:\/\/harmonique.ch\/wp-content\/uploads\/2025\/07\/Capture-decran-2025-07-04-a-13.13.37-300x200.png 300w, https:\/\/harmonique.ch\/wp-content\/uploads\/2025\/07\/Capture-decran-2025-07-04-a-13.13.37-768x512.png 768w, https:\/\/harmonique.ch\/wp-content\/uploads\/2025\/07\/Capture-decran-2025-07-04-a-13.13.37-1536x1024.png 1536w\" sizes=\"auto, (max-width: 1024px) 100vw, 1024px\" \/><\/figure>\n","protected":false},"excerpt":{"rendered":"<p>Les pratiques de Qi gong de cet \u00e9t\u00e9 auront lieux aux dates suivantes : Horaire: de 10h30 \u00e0 11h30 Lieu: rdv \u00e0 la buvette du parc Beaulieu, au dessus-des serres, en-dessous de l&rsquo;\u00e9cole de Beaulieu rue du Grand-Pr\u00e9 22. Nous pratiquerons \u00e0 l&rsquo;ombre des arbres dans le parc. Acc\u00e8s: \u00e0 7mn \u00e0 pieds de la [&hellip;]<\/p>\n","protected":false},"author":2,"featured_media":1274,"comment_status":"closed","ping_status":"closed","sticky":false,"template":"","format":"standard","meta":{"footnotes":""},"categories":[1],"tags":[13,26,28,27],"class_list":["post-1273","post","type-post","status-publish","format-standard","has-post-thumbnail","hentry","category-uncategorized","tag-geneve","tag-qi-gong","tag-sport-au-parc","tag-tai-chi"],"_links":{"self":[{"href":"https:\/\/harmonique.ch\/index.php\/wp-json\/wp\/v2\/posts\/1273","targetHints":{"allow":["GET"]}}],"collection":[{"href":"https:\/\/harmonique.ch\/index.php\/wp-json\/wp\/v2\/posts"}],"about":[{"href":"https:\/\/harmonique.ch\/index.php\/wp-json\/wp\/v2\/types\/post"}],"author":[{"embeddable":true,"href":"https:\/\/harmonique.ch\/index.php\/wp-json\/wp\/v2\/users\/2"}],"replies":[{"embeddable":true,"href":"https:\/\/harmonique.ch\/index.php\/wp-json\/wp\/v2\/comments?post=1273"}],"version-history":[{"count":4,"href":"https:\/\/harmonique.ch\/index.php\/wp-json\/wp\/v2\/posts\/1273\/revisions"}],"predecessor-version":[{"id":1282,"href":"https:\/\/harmonique.ch\/index.php\/wp-json\/wp\/v2\/posts\/1273\/revisions\/1282"}],"wp:featuredmedia":[{"embeddable":true,"href":"https:\/\/harmonique.ch\/index.php\/wp-json\/wp\/v2\/media\/1274"}],"wp:attachment":[{"href":"https:\/\/harmonique.ch\/index.php\/wp-json\/wp\/v2\/media?parent=1273"}],"wp:term":[{"taxonomy":"category","embeddable":true,"href":"https:\/\/harmonique.ch\/index.php\/wp-json\/wp\/v2\/categories?post=1273"},{"taxonomy":"post_tag","embeddable":true,"href":"https:\/\/harmonique.ch\/index.php\/wp-json\/wp\/v2\/tags?post=1273"}],"curies":[{"name":"wp","href":"https:\/\/api.w.org\/{rel}","templated":true}]}}