{"id":1270,"date":"2025-04-11T10:21:53","date_gmt":"2025-04-11T10:21:53","guid":{"rendered":"https:\/\/harmonique.ch\/?p=1270"},"modified":"2025-05-18T09:45:38","modified_gmt":"2025-05-18T09:45:38","slug":"atelier-de-qi-gong-et-decouverte-des-baguettes-de-sourcier-se-reconnecter-au-vivant","status":"publish","type":"post","link":"https:\/\/harmonique.ch\/index.php\/2025\/04\/11\/atelier-de-qi-gong-et-decouverte-des-baguettes-de-sourcier-se-reconnecter-au-vivant\/","title":{"rendered":"Atelier de Qi Gong et d\u00e9couverte des baguettes de sourcier &#8211; se reconnecter au vivant"},"content":{"rendered":"\n<p class=\"wp-block-paragraph\">VENDREDI 30 MAI &#8211; 10h-12h30h<\/p>\n\n\n\n<p class=\"wp-block-paragraph\">Et si vous preniez due temps de&nbsp;<strong>vous mettre \u00e0 l&rsquo;\u00e9coute du vivant<\/strong>, et&nbsp;<strong>vous laisser guider par vos sens<\/strong>&nbsp;?<\/p>\n\n\n\n<p class=\"wp-block-paragraph\">Je vous propose un atelier unique m\u00ealant&nbsp;<strong>Qi Gong<\/strong>&nbsp;et&nbsp;<strong>exploration avec les baguettes de sourcier<\/strong>, pour une immersion douce et sensorielle au c\u0153ur de soi et de la nature.<\/p>\n\n\n\n<p class=\"wp-block-paragraph\">\u00c0 travers des mouvements doux, une respiration consciente et une pr\u00e9sence attentive, nous irons \u00e0 la rencontre de notre corps, de notre souffle\u2026 et de notre essence. Avec la pratique intuitive des baguettes de sourciers, nous partirons \u00e0 la rencontre de ce qui vibre en nous et autour de nous.<\/p>\n\n\n\n<p class=\"wp-block-paragraph\"><br>Une partie de l\u2019atelier se d\u00e9roulera en partie en ext\u00e9rieur, pour ressentir l\u2019\u00e9nergie des lieux, s&rsquo;ouvrir \u00e0 l\u2019invisible et go\u00fbter la beaut\u00e9 de l\u2019instant.<\/p>\n\n\n\n<p class=\"wp-block-paragraph\">Aucun pr\u00e9requis &#8211; venez avec l&rsquo;envie de vous faire du bien! <br>Une invitation \u00e0 \u00e9largir votre perception, \u00e0 \u00e9veiller votre corps et votre intuition.<\/p>\n\n\n\n<p class=\"wp-block-paragraph\">Infos pratiques :<br>Lieu : rue de Lausanne 76, 1201 Gen\u00e8ve et parc de la Perle du Lac<br> Tarif : CHF 50.-<br>Inscriptions : contact@harmonique.ch <\/p>\n\n\n\n<p class=\"wp-block-paragraph\">L&rsquo;atelier est limit\u00e9 \u00e0 8 participant.es<\/p>\n","protected":false},"excerpt":{"rendered":"<p>VENDREDI 30 MAI &#8211; 10h-12h30h Et si vous preniez due temps de&nbsp;vous mettre \u00e0 l&rsquo;\u00e9coute du vivant, et&nbsp;vous laisser guider par vos sens&nbsp;? Je vous propose un atelier unique m\u00ealant&nbsp;Qi Gong&nbsp;et&nbsp;exploration avec les baguettes de sourcier, pour une immersion douce et sensorielle au c\u0153ur de soi et de la nature. \u00c0 travers des mouvements doux, [&hellip;]<\/p>\n","protected":false},"author":2,"featured_media":0,"comment_status":"closed","ping_status":"closed","sticky":false,"template":"","format":"standard","meta":{"footnotes":""},"categories":[1],"tags":[],"class_list":["post-1270","post","type-post","status-publish","format-standard","hentry","category-uncategorized"],"_links":{"self":[{"href":"https:\/\/harmonique.ch\/index.php\/wp-json\/wp\/v2\/posts\/1270","targetHints":{"allow":["GET"]}}],"collection":[{"href":"https:\/\/harmonique.ch\/index.php\/wp-json\/wp\/v2\/posts"}],"about":[{"href":"https:\/\/harmonique.ch\/index.php\/wp-json\/wp\/v2\/types\/post"}],"author":[{"embeddable":true,"href":"https:\/\/harmonique.ch\/index.php\/wp-json\/wp\/v2\/users\/2"}],"replies":[{"embeddable":true,"href":"https:\/\/harmonique.ch\/index.php\/wp-json\/wp\/v2\/comments?post=1270"}],"version-history":[{"count":2,"href":"https:\/\/harmonique.ch\/index.php\/wp-json\/wp\/v2\/posts\/1270\/revisions"}],"predecessor-version":[{"id":1272,"href":"https:\/\/harmonique.ch\/index.php\/wp-json\/wp\/v2\/posts\/1270\/revisions\/1272"}],"wp:attachment":[{"href":"https:\/\/harmonique.ch\/index.php\/wp-json\/wp\/v2\/media?parent=1270"}],"wp:term":[{"taxonomy":"category","embeddable":true,"href":"https:\/\/harmonique.ch\/index.php\/wp-json\/wp\/v2\/categories?post=1270"},{"taxonomy":"post_tag","embeddable":true,"href":"https:\/\/harmonique.ch\/index.php\/wp-json\/wp\/v2\/tags?post=1270"}],"curies":[{"name":"wp","href":"https:\/\/api.w.org\/{rel}","templated":true}]}}