{"id":1261,"date":"2025-01-16T11:34:48","date_gmt":"2025-01-16T11:34:48","guid":{"rendered":"https:\/\/harmonique.ch\/?p=1261"},"modified":"2025-01-18T15:53:15","modified_gmt":"2025-01-18T15:53:15","slug":"constellation-familiale-symbolique","status":"publish","type":"post","link":"https:\/\/harmonique.ch\/index.php\/2025\/01\/16\/constellation-familiale-symbolique\/","title":{"rendered":"Constellation familiale symbolique"},"content":{"rendered":"\n<p class=\"wp-block-paragraph\"><strong>Date :<\/strong>\u00a0Vendredi 31 janvier 2025<br><strong>Heure :<\/strong>\u00a018h &#8211; 20h<br><strong>Lieu :<\/strong>\u00a0Cabinet Harmonique, rue de Lausanne 76, 1201 Gen\u00e8ve<br><strong>Tarif:<\/strong> 45.-<\/p>\n\n\n\n<p class=\"wp-block-paragraph\">Plongez au c\u0153ur de vos dynamiques familiales \u00e0 travers une&nbsp;<strong>constellation familiale en m\u00e9decine symbolique<\/strong>. Cette approche sp\u00e9cifique combine le langage des symboles et l\u2019\u00e9coute de l\u2019\u00e2me pour r\u00e9v\u00e9ler les d\u00e9s\u00e9quilibres \u00e9nerg\u00e9tiques et lib\u00e9rer les m\u00e9moires transg\u00e9n\u00e9rationnelles.<\/p>\n\n\n\n<p class=\"wp-block-paragraph\"><strong>Au programme :<\/strong><\/p>\n\n\n\n<ul class=\"wp-block-list\">\n<li><strong>Identification des blocages et d\u00e9s\u00e9quilibres familiaux<\/strong>&nbsp;\u00e0 travers les symboles et les arch\u00e9types.<\/li>\n\n\n\n<li><strong>Exploration des liens d\u2019\u00e2me \u00e0 \u00e2me<\/strong>&nbsp;pour \u00e9clairer les transmissions inconscientes et les places occup\u00e9es dans votre syst\u00e8me.<\/li>\n\n\n\n<li>Des cl\u00e9s pour retrouver \u00e9quilibre et harmonie int\u00e9rieure, tout en d\u00e9nouant les m\u00e9moires pesantes ou conflictuelles.<\/li>\n\n\n\n<li>Une approche \u00e0 la fois intuitive et th\u00e9rapeutique.<\/li>\n<\/ul>\n\n\n\n<p class=\"wp-block-paragraph\">\u2728&nbsp;<strong>Ce cercle est ouvert \u00e0 toutes et tous<\/strong>, que vous souhaitiez poser une question ou participer en soutien symbolique. Chaque pr\u00e9sence contribue au travail collectif et personnel.<\/p>\n\n\n\n<p class=\"wp-block-paragraph\">\ud83d\udce9&nbsp;<strong>Inscription<\/strong>&nbsp;: contact@harmonique.ch ou 0765840250<\/p>\n\n\n\n<p class=\"wp-block-paragraph\"><\/p>\n","protected":false},"excerpt":{"rendered":"<p>Date :\u00a0Vendredi 31 janvier 2025Heure :\u00a018h &#8211; 20hLieu :\u00a0Cabinet Harmonique, rue de Lausanne 76, 1201 Gen\u00e8veTarif: 45.- Plongez au c\u0153ur de vos dynamiques familiales \u00e0 travers une&nbsp;constellation familiale en m\u00e9decine symbolique. Cette approche sp\u00e9cifique combine le langage des symboles et l\u2019\u00e9coute de l\u2019\u00e2me pour r\u00e9v\u00e9ler les d\u00e9s\u00e9quilibres \u00e9nerg\u00e9tiques et lib\u00e9rer les m\u00e9moires transg\u00e9n\u00e9rationnelles. Au programme [&hellip;]<\/p>\n","protected":false},"author":2,"featured_media":0,"comment_status":"closed","ping_status":"closed","sticky":false,"template":"","format":"standard","meta":{"footnotes":""},"categories":[1],"tags":[],"class_list":["post-1261","post","type-post","status-publish","format-standard","hentry","category-uncategorized"],"_links":{"self":[{"href":"https:\/\/harmonique.ch\/index.php\/wp-json\/wp\/v2\/posts\/1261","targetHints":{"allow":["GET"]}}],"collection":[{"href":"https:\/\/harmonique.ch\/index.php\/wp-json\/wp\/v2\/posts"}],"about":[{"href":"https:\/\/harmonique.ch\/index.php\/wp-json\/wp\/v2\/types\/post"}],"author":[{"embeddable":true,"href":"https:\/\/harmonique.ch\/index.php\/wp-json\/wp\/v2\/users\/2"}],"replies":[{"embeddable":true,"href":"https:\/\/harmonique.ch\/index.php\/wp-json\/wp\/v2\/comments?post=1261"}],"version-history":[{"count":2,"href":"https:\/\/harmonique.ch\/index.php\/wp-json\/wp\/v2\/posts\/1261\/revisions"}],"predecessor-version":[{"id":1264,"href":"https:\/\/harmonique.ch\/index.php\/wp-json\/wp\/v2\/posts\/1261\/revisions\/1264"}],"wp:attachment":[{"href":"https:\/\/harmonique.ch\/index.php\/wp-json\/wp\/v2\/media?parent=1261"}],"wp:term":[{"taxonomy":"category","embeddable":true,"href":"https:\/\/harmonique.ch\/index.php\/wp-json\/wp\/v2\/categories?post=1261"},{"taxonomy":"post_tag","embeddable":true,"href":"https:\/\/harmonique.ch\/index.php\/wp-json\/wp\/v2\/tags?post=1261"}],"curies":[{"name":"wp","href":"https:\/\/api.w.org\/{rel}","templated":true}]}}