{"id":1245,"date":"2025-01-02T14:09:14","date_gmt":"2025-01-02T14:09:14","guid":{"rendered":"https:\/\/harmonique.ch\/?p=1245"},"modified":"2025-01-02T14:09:14","modified_gmt":"2025-01-02T14:09:14","slug":"bonne-annee-ennea-cafe-du-10-janvier","status":"publish","type":"post","link":"https:\/\/harmonique.ch\/index.php\/2025\/01\/02\/bonne-annee-ennea-cafe-du-10-janvier\/","title":{"rendered":"Bonne ann\u00e9e! Enn\u00e9a-caf\u00e9 du 10 janvier"},"content":{"rendered":"\n<figure class=\"wp-block-image size-full\"><img loading=\"lazy\" decoding=\"async\" width=\"600\" height=\"200\" src=\"https:\/\/harmonique.ch\/wp-content\/uploads\/2025\/01\/Harmonique-2025.jpg\" alt=\"\" class=\"wp-image-1246\" srcset=\"https:\/\/harmonique.ch\/wp-content\/uploads\/2025\/01\/Harmonique-2025.jpg 600w, https:\/\/harmonique.ch\/wp-content\/uploads\/2025\/01\/Harmonique-2025-300x100.jpg 300w\" sizes=\"auto, (max-width: 600px) 100vw, 600px\" \/><\/figure>\n\n\n\n<p class=\"wp-block-paragraph\">Je vous souhaite la r\u00e9alisation de tous vos voeux!<\/p>\n\n\n\n<p class=\"wp-block-paragraph\">Cette ann\u00e9e, j&rsquo;ai envie de nouveaut\u00e9s. Et vous? <\/p>\n\n\n\n<p class=\"wp-block-paragraph\">Le vendredi\u00a0<strong>10 janvier 17h-19h<\/strong>, j&rsquo;ai le plaisir de vous convier \u00e0 un moment de partage convivial: notre\u00a0<strong>prochain Enn\u00e9a-Caf\u00e9<\/strong>. Ce temps d\u2019\u00e9change est une occasion pour\u00a0<strong>nous rencontrer\u00a0et\u00a0d\u00e9marrer l\u2019ann\u00e9e ensemble<\/strong>, autour d\u2019une exploration de l\u2019enn\u00e9agramme.<\/p>\n\n\n\n<h3 class=\"wp-block-heading\">Th\u00e8me de ce caf\u00e9 :&nbsp;Le chemin de r\u00e9alisation de soi.<\/h3>\n\n\n\n<p class=\"wp-block-paragraph\">Nous explorerons comment chaque type de personnalit\u00e9 cherche sa vertu, d\u00e9veloppe son potentiel et se connecte \u00e0 une&nbsp;joie int\u00e9rieure authentique.<\/p>\n\n\n\n<p class=\"wp-block-paragraph\"><strong>Si vous \u00eates novice, bienvenue !&nbsp;<\/strong>Vous aurez l\u2019opportunit\u00e9 de d\u00e9couvrir cet outil extraordinaire de&nbsp;connaissance de soi. L\u2019enn\u00e9agramme \u00e9claire notre mani\u00e8re de voir le monde et nous guide sur un chemin de&nbsp;r\u00e9alisation personnelle, d\u2019alignement et d\u2019harmonie int\u00e9rieure.<\/p>\n\n\n\n<p class=\"wp-block-paragraph\"><strong>Si vous avez d\u00e9j\u00e0 \u00e9tudi\u00e9 et exp\u00e9riment\u00e9 l\u2019enn\u00e9agramme<\/strong>, ce sera une belle occasion de partager vos exp\u00e9riences, d\u2019enrichir votre perspective et de dialoguer avec des personnes de diff\u00e9rents types. Ces \u00e9changes sont toujours une source d\u2019apprentissage mutuel et de d\u00e9couvertes.<\/p>\n\n\n\n<p class=\"wp-block-paragraph\">Je me r\u00e9jouis de vous accueillir pour ce moment de convivialit\u00e9 et d\u2019introspection.<\/p>\n\n\n\n<p class=\"wp-block-paragraph\">Quand:&nbsp;<strong>Vendredi 10 janvier<\/strong><\/p>\n\n\n\n<p class=\"wp-block-paragraph\">O\u00f9 :&nbsp;<strong>Harmonique, rue de Lausanne 76, 1201 Gen\u00e8ve&nbsp;<\/strong><\/p>\n\n\n\n<p class=\"wp-block-paragraph\">Heure :&nbsp;<strong>17h \u00e0 19h<\/strong><\/p>\n\n\n\n<p class=\"wp-block-paragraph\">Ce premier caf\u00e9 de l\u2019ann\u00e9e vous est offert. Nombre de places limit\u00e9, participation sur inscription par mail: contact@harmonique.ch<\/p>\n\n\n\n<p class=\"wp-block-paragraph\">Sandra<\/p>\n\n\n\n<p class=\"wp-block-paragraph\"><\/p>\n","protected":false},"excerpt":{"rendered":"<p>Je vous souhaite la r\u00e9alisation de tous vos voeux! Cette ann\u00e9e, j&rsquo;ai envie de nouveaut\u00e9s. Et vous? Le vendredi\u00a010 janvier 17h-19h, j&rsquo;ai le plaisir de vous convier \u00e0 un moment de partage convivial: notre\u00a0prochain Enn\u00e9a-Caf\u00e9. Ce temps d\u2019\u00e9change est une occasion pour\u00a0nous rencontrer\u00a0et\u00a0d\u00e9marrer l\u2019ann\u00e9e ensemble, autour d\u2019une exploration de l\u2019enn\u00e9agramme. Th\u00e8me de ce caf\u00e9 :&nbsp;Le [&hellip;]<\/p>\n","protected":false},"author":2,"featured_media":0,"comment_status":"closed","ping_status":"closed","sticky":false,"template":"","format":"standard","meta":{"footnotes":""},"categories":[1],"tags":[23,21,8],"class_list":["post-1245","post","type-post","status-publish","format-standard","hentry","category-uncategorized","tag-ennea-cafe","tag-enneagramme","tag-medecine-symbolique"],"_links":{"self":[{"href":"https:\/\/harmonique.ch\/index.php\/wp-json\/wp\/v2\/posts\/1245","targetHints":{"allow":["GET"]}}],"collection":[{"href":"https:\/\/harmonique.ch\/index.php\/wp-json\/wp\/v2\/posts"}],"about":[{"href":"https:\/\/harmonique.ch\/index.php\/wp-json\/wp\/v2\/types\/post"}],"author":[{"embeddable":true,"href":"https:\/\/harmonique.ch\/index.php\/wp-json\/wp\/v2\/users\/2"}],"replies":[{"embeddable":true,"href":"https:\/\/harmonique.ch\/index.php\/wp-json\/wp\/v2\/comments?post=1245"}],"version-history":[{"count":1,"href":"https:\/\/harmonique.ch\/index.php\/wp-json\/wp\/v2\/posts\/1245\/revisions"}],"predecessor-version":[{"id":1247,"href":"https:\/\/harmonique.ch\/index.php\/wp-json\/wp\/v2\/posts\/1245\/revisions\/1247"}],"wp:attachment":[{"href":"https:\/\/harmonique.ch\/index.php\/wp-json\/wp\/v2\/media?parent=1245"}],"wp:term":[{"taxonomy":"category","embeddable":true,"href":"https:\/\/harmonique.ch\/index.php\/wp-json\/wp\/v2\/categories?post=1245"},{"taxonomy":"post_tag","embeddable":true,"href":"https:\/\/harmonique.ch\/index.php\/wp-json\/wp\/v2\/tags?post=1245"}],"curies":[{"name":"wp","href":"https:\/\/api.w.org\/{rel}","templated":true}]}}