{"id":1163,"date":"2024-10-04T16:20:44","date_gmt":"2024-10-04T16:20:44","guid":{"rendered":"https:\/\/harmonique.ch\/?p=1163"},"modified":"2024-10-04T16:52:28","modified_gmt":"2024-10-04T16:52:28","slug":"initiation-au-maniement-des-baguettes-coudees","status":"publish","type":"post","link":"https:\/\/harmonique.ch\/index.php\/2024\/10\/04\/initiation-au-maniement-des-baguettes-coudees\/","title":{"rendered":"Initiation au maniement des baguettes coud\u00e9es"},"content":{"rendered":"\n<p class=\"wp-block-paragraph\">Les baguettes coud\u00e9es sont un magnifique outil de contact avec l&rsquo;invisible, tr\u00e8s utile dans un premier temps (initiation) pour d\u00e9velopper son ressenti et obtenir des r\u00e9ponse et indications \u00e0 des questions. <\/p>\n\n\n\n<p class=\"wp-block-paragraph\">L&rsquo;initiation se d\u00e9roule sur 2 week ends, qui peuvent \u00eatre suivis ind\u00e9pendamment l&rsquo;un de l&rsquo;autre (mais dans l&rsquo;ordre).<\/p>\n\n\n\n<p class=\"wp-block-paragraph\">Apr\u00e8s le premier week end, vous serez en mesure de ressentir et suivre les mouvements des baguettes, obtenir des \u00ab\u00a0oui\u00a0\u00bb\/\u00a0\u00bbnon\u00a0\u00bb, dater des ph\u00e9nom\u00e8nes, entrer en contact avec le v\u00e9g\u00e9tal (aura des arbres).<\/p>\n\n\n\n<p class=\"wp-block-paragraph\">Apr\u00e8s le deuxi\u00e8me week end, vous saurez effectuer des d\u00e9tections et recevoir des messages simples de l&rsquo;invisible. Vous saurez r\u00e9aliser des tours d&rsquo;auras (des personnes) et obtenir des messages. <\/p>\n\n\n\n<p class=\"wp-block-paragraph\">Des temps de centrage et pratiques de Qi Gong viendront ponctuer les journ\u00e9es afin de raffiner les sensations et faire circuler le chi.<\/p>\n\n\n\n<p class=\"wp-block-paragraph\">Les initiations sont organis\u00e9es \u00e0 partir de 4 participants, par petits groupes (max. 8p.). En cas d&rsquo;int\u00e9r\u00eat, veuillez vous inscrire sur la liste d&rsquo;attente par email: contact@harmonique.ch. Des dates seront propos\u00e9es au fur et \u00e0 mesure.<\/p>\n\n\n\n<p class=\"wp-block-paragraph\">Plus d&rsquo;informations <a href=\"https:\/\/harmonique.ch\/index.php\/initiation-au-maniement-des-baguettes-coudees\/\" data-type=\"page\" data-id=\"1167\">ici<\/a>.<\/p>\n","protected":false},"excerpt":{"rendered":"<p>Les baguettes coud\u00e9es sont un magnifique outil de contact avec l&rsquo;invisible, tr\u00e8s utile dans un premier temps (initiation) pour d\u00e9velopper son ressenti et obtenir des r\u00e9ponse et indications \u00e0 des questions. L&rsquo;initiation se d\u00e9roule sur 2 week ends, qui peuvent \u00eatre suivis ind\u00e9pendamment l&rsquo;un de l&rsquo;autre (mais dans l&rsquo;ordre). Apr\u00e8s le premier week end, vous [&hellip;]<\/p>\n","protected":false},"author":2,"featured_media":0,"comment_status":"closed","ping_status":"closed","sticky":false,"template":"","format":"standard","meta":{"footnotes":""},"categories":[1],"tags":[],"class_list":["post-1163","post","type-post","status-publish","format-standard","hentry","category-uncategorized"],"_links":{"self":[{"href":"https:\/\/harmonique.ch\/index.php\/wp-json\/wp\/v2\/posts\/1163","targetHints":{"allow":["GET"]}}],"collection":[{"href":"https:\/\/harmonique.ch\/index.php\/wp-json\/wp\/v2\/posts"}],"about":[{"href":"https:\/\/harmonique.ch\/index.php\/wp-json\/wp\/v2\/types\/post"}],"author":[{"embeddable":true,"href":"https:\/\/harmonique.ch\/index.php\/wp-json\/wp\/v2\/users\/2"}],"replies":[{"embeddable":true,"href":"https:\/\/harmonique.ch\/index.php\/wp-json\/wp\/v2\/comments?post=1163"}],"version-history":[{"count":2,"href":"https:\/\/harmonique.ch\/index.php\/wp-json\/wp\/v2\/posts\/1163\/revisions"}],"predecessor-version":[{"id":1180,"href":"https:\/\/harmonique.ch\/index.php\/wp-json\/wp\/v2\/posts\/1163\/revisions\/1180"}],"wp:attachment":[{"href":"https:\/\/harmonique.ch\/index.php\/wp-json\/wp\/v2\/media?parent=1163"}],"wp:term":[{"taxonomy":"category","embeddable":true,"href":"https:\/\/harmonique.ch\/index.php\/wp-json\/wp\/v2\/categories?post=1163"},{"taxonomy":"post_tag","embeddable":true,"href":"https:\/\/harmonique.ch\/index.php\/wp-json\/wp\/v2\/tags?post=1163"}],"curies":[{"name":"wp","href":"https:\/\/api.w.org\/{rel}","templated":true}]}}