{"id":1154,"date":"2024-09-21T20:13:23","date_gmt":"2024-09-21T20:13:23","guid":{"rendered":"https:\/\/harmonique.ch\/?p=1154"},"modified":"2024-09-21T20:24:32","modified_gmt":"2024-09-21T20:24:32","slug":"20-sur-les-soins-cavalier-cheval-offre-speciale-salon-du-bien-etre-equin-et-humain","status":"publish","type":"post","link":"https:\/\/harmonique.ch\/index.php\/2024\/09\/21\/20-sur-les-soins-cavalier-cheval-offre-speciale-salon-du-bien-etre-equin-et-humain\/","title":{"rendered":"-20% sur les soins cavalier-cheval: offre sp\u00e9ciale salon du bien \u00eatre \u00e9quin et humain"},"content":{"rendered":"\n<p class=\"wp-block-paragraph\">A l&rsquo;occasion du Selon du bien-\u00eatre qui et humain, dimanche 22 septembre 2024 au c<a href=\"https:\/\/www.centre-equinessence.ch\">entre Equin&rsquo;essence<\/a>, j&rsquo;ai envie de vous permettre de d\u00e9couvrir cette belle pratique pour entrer profond\u00e9ment en lien d&rsquo;\u00e2me \u00e0 \u00e2me avec votre compagnon \u00e9quin &#8211; encore plus profond\u00e9ment car \u00e9videmment votre relation est d\u00e9j\u00e0 profonde. <\/p>\n\n\n\n<p class=\"wp-block-paragraph\">Lors du soin vous \u00eates pr\u00e9sent.e, aux c\u00f4t\u00e9 de votre compagnon. Vous exprimez la probl\u00e9matique \u00e0 interroger. Nous suivons ensuite les symboles d\u00e9tect\u00e9s gr\u00e2ce aux baguettes coud\u00e9es, qui rendent manifeste l\u2019invisible, permettent de saisir le message de l\u2019\u00e2me, les noeuds, les effets miroirs, de mettre du sens sur les sympt\u00f4mes du cheval, et induire le processus de gu\u00e9rison.<\/p>\n\n\n\n<ul class=\"wp-block-list\">\n<li><mark style=\"background-color:rgba(0, 0, 0, 0)\" class=\"has-inline-color has-vivid-cyan-blue-color\">20% de r\u00e9duction sur les soins cavalier-cheval command\u00e9s le dimanche 22 septembre 2024 (date du soin \u00e0 fixer ult\u00e9rieurement).<\/mark><\/li>\n<\/ul>\n\n\n\n<p class=\"wp-block-paragraph\">Pour vos cadeaux de No\u00ebl, d&rsquo;anniversaire ou autres, des BONS CADEAUX sont disponibles.<\/p>\n\n\n\n<p class=\"wp-block-paragraph\">Chaque consultation est une rencontre unique, o\u00f9 j\u2019agis en m\u00e9diatrice pour r\u00e9v\u00e9ler ce que votre animal souhaite exprimer. \u00c0 travers l\u2019\u00e9coute, l\u2019intuition et la symbolique, nous faisons \u00e9merger ensemble les racines des troubles et trouvons des moyens de les apaiser, en douceur et dans le respect de vos \u00e2mes.<\/p>\n\n\n\n<p class=\"wp-block-paragraph\">Des questions? Appelle-moi au t\u00e9l. 0765840250 ou r\u00e9serve un cr\u00e9neau pour un appel d\u00e9couverte de 20 minutes. Nous pourrons ainsi faire connaissance et \u00e9voquer la probl\u00e9matique \u00e0 traiter.<\/p>\n\n\n\n<p class=\"wp-block-paragraph\">R\u00e9servation de l&rsquo;offre : contact@harmonique.ch \/ t\u00e9l. 0765840250<\/p>\n","protected":false},"excerpt":{"rendered":"<p>A l&rsquo;occasion du Selon du bien-\u00eatre qui et humain, dimanche 22 septembre 2024 au centre Equin&rsquo;essence, j&rsquo;ai envie de vous permettre de d\u00e9couvrir cette belle pratique pour entrer profond\u00e9ment en lien d&rsquo;\u00e2me \u00e0 \u00e2me avec votre compagnon \u00e9quin &#8211; encore plus profond\u00e9ment car \u00e9videmment votre relation est d\u00e9j\u00e0 profonde. Lors du soin vous \u00eates pr\u00e9sent.e, [&hellip;]<\/p>\n","protected":false},"author":2,"featured_media":0,"comment_status":"closed","ping_status":"closed","sticky":false,"template":"","format":"standard","meta":{"footnotes":""},"categories":[1],"tags":[],"class_list":["post-1154","post","type-post","status-publish","format-standard","hentry","category-uncategorized"],"_links":{"self":[{"href":"https:\/\/harmonique.ch\/index.php\/wp-json\/wp\/v2\/posts\/1154","targetHints":{"allow":["GET"]}}],"collection":[{"href":"https:\/\/harmonique.ch\/index.php\/wp-json\/wp\/v2\/posts"}],"about":[{"href":"https:\/\/harmonique.ch\/index.php\/wp-json\/wp\/v2\/types\/post"}],"author":[{"embeddable":true,"href":"https:\/\/harmonique.ch\/index.php\/wp-json\/wp\/v2\/users\/2"}],"replies":[{"embeddable":true,"href":"https:\/\/harmonique.ch\/index.php\/wp-json\/wp\/v2\/comments?post=1154"}],"version-history":[{"count":3,"href":"https:\/\/harmonique.ch\/index.php\/wp-json\/wp\/v2\/posts\/1154\/revisions"}],"predecessor-version":[{"id":1158,"href":"https:\/\/harmonique.ch\/index.php\/wp-json\/wp\/v2\/posts\/1154\/revisions\/1158"}],"wp:attachment":[{"href":"https:\/\/harmonique.ch\/index.php\/wp-json\/wp\/v2\/media?parent=1154"}],"wp:term":[{"taxonomy":"category","embeddable":true,"href":"https:\/\/harmonique.ch\/index.php\/wp-json\/wp\/v2\/categories?post=1154"},{"taxonomy":"post_tag","embeddable":true,"href":"https:\/\/harmonique.ch\/index.php\/wp-json\/wp\/v2\/tags?post=1154"}],"curies":[{"name":"wp","href":"https:\/\/api.w.org\/{rel}","templated":true}]}}