{"id":1115,"date":"2024-08-27T17:53:00","date_gmt":"2024-08-27T17:53:00","guid":{"rendered":"https:\/\/harmonique.ch\/?p=1115"},"modified":"2024-08-27T17:53:42","modified_gmt":"2024-08-27T17:53:42","slug":"retrouvez-moi-au-salon-du-bien-etre-equin-humain-le-22-septembre","status":"publish","type":"post","link":"https:\/\/harmonique.ch\/index.php\/2024\/08\/27\/retrouvez-moi-au-salon-du-bien-etre-equin-humain-le-22-septembre\/","title":{"rendered":"Retrouvez-moi au salon du bien-\u00eatre \u00e9quin &#038; humain le 22 septembre!"},"content":{"rendered":"<blockquote>\n<div dir=\"ltr\">\n<div>\n<div>\n<div>\n<div>\n<div>Dimanche 22 septembre, la m\u00e9decine symbolique sera pr\u00e9sente au <b>Salon du bien-\u00eatre \u00e9quin &amp; humain<\/b>, pour pr\u00e9senter en particulier les soins cavalier-cheval.<\/div>\n<div>Rejoignez-nous en pleine nature, au Centre Equin&rsquo;Essence, pour une exp\u00e9rience immersive et inspirante aux c\u00f4t\u00e9s des chevaux ! Une journ\u00e9e de partages enrichissants et conviviaux, pour d\u00e9couvrir les nombreuses th\u00e9rapies cheval-cavalier. La journ\u00e9e sera ponctu\u00e9e de conf\u00e9rences, shows interactifs et concours, avec petite restauration.<\/div>\n<div><\/div>\n<div>\n<div>Centre Equin&rsquo;Essence<\/div>\n<div>Route du Rh\u00f4ne 35<\/div>\n<div>1870 Monthey<\/div>\n<div><strong>22 septembre 2024 &#8211; 10h \u00e0 17h<\/strong><\/div>\n<div><\/div>\n<div>Parking \u00e0 disposition<\/div>\n<div>\u00e0 20mn \u00e0 pieds de la gare de Monthey<\/div>\n<div>Entr\u00e9e gratuite<\/div>\n<\/div>\n<div><\/div>\n<div><a href=\"http:\/\/www.centre-equinessence.ch\/\">www.centre-equinessence.ch\u00a0<\/a><\/div>\n<\/div>\n<div><\/div>\n<div><img loading=\"lazy\" decoding=\"async\" class=\"wp-image-1092 alignleft\" src=\"https:\/\/harmonique.ch\/wp-content\/uploads\/2024\/08\/IMG_1541.heic\" alt=\"\" width=\"241\" height=\"229\" \/><img loading=\"lazy\" decoding=\"async\" class=\"aligncenter wp-image-1104\" src=\"https:\/\/harmonique.ch\/wp-content\/uploads\/2024\/08\/IMG_0441.heic\" alt=\"\" width=\"249\" height=\"228\" \/><\/div>\n<\/div>\n<\/div>\n<\/div>\n<\/div>\n<\/blockquote>\n","protected":false},"excerpt":{"rendered":"<p>Dimanche 22 septembre, la m\u00e9decine symbolique sera pr\u00e9sente au Salon du bien-\u00eatre \u00e9quin &amp; humain, pour pr\u00e9senter en particulier les soins cavalier-cheval. Rejoignez-nous en pleine nature, au Centre Equin&rsquo;Essence, pour une exp\u00e9rience immersive et inspirante aux c\u00f4t\u00e9s des chevaux ! Une journ\u00e9e de partages enrichissants et conviviaux, pour d\u00e9couvrir les nombreuses th\u00e9rapies cheval-cavalier. La journ\u00e9e [&hellip;]<\/p>\n","protected":false},"author":2,"featured_media":1104,"comment_status":"closed","ping_status":"closed","sticky":false,"template":"","format":"standard","meta":{"footnotes":""},"categories":[1],"tags":[18,16,17],"class_list":["post-1115","post","type-post","status-publish","format-standard","has-post-thumbnail","hentry","category-uncategorized","tag-medecine-symbolique-medecine-symbolique-geneve-baguettes-coudees-soins-energetiques","tag-soin-cheval","tag-soin-cheval-cavalier"],"_links":{"self":[{"href":"https:\/\/harmonique.ch\/index.php\/wp-json\/wp\/v2\/posts\/1115","targetHints":{"allow":["GET"]}}],"collection":[{"href":"https:\/\/harmonique.ch\/index.php\/wp-json\/wp\/v2\/posts"}],"about":[{"href":"https:\/\/harmonique.ch\/index.php\/wp-json\/wp\/v2\/types\/post"}],"author":[{"embeddable":true,"href":"https:\/\/harmonique.ch\/index.php\/wp-json\/wp\/v2\/users\/2"}],"replies":[{"embeddable":true,"href":"https:\/\/harmonique.ch\/index.php\/wp-json\/wp\/v2\/comments?post=1115"}],"version-history":[{"count":2,"href":"https:\/\/harmonique.ch\/index.php\/wp-json\/wp\/v2\/posts\/1115\/revisions"}],"predecessor-version":[{"id":1118,"href":"https:\/\/harmonique.ch\/index.php\/wp-json\/wp\/v2\/posts\/1115\/revisions\/1118"}],"wp:featuredmedia":[{"embeddable":true,"href":"https:\/\/harmonique.ch\/index.php\/wp-json\/wp\/v2\/media\/1104"}],"wp:attachment":[{"href":"https:\/\/harmonique.ch\/index.php\/wp-json\/wp\/v2\/media?parent=1115"}],"wp:term":[{"taxonomy":"category","embeddable":true,"href":"https:\/\/harmonique.ch\/index.php\/wp-json\/wp\/v2\/categories?post=1115"},{"taxonomy":"post_tag","embeddable":true,"href":"https:\/\/harmonique.ch\/index.php\/wp-json\/wp\/v2\/tags?post=1115"}],"curies":[{"name":"wp","href":"https:\/\/api.w.org\/{rel}","templated":true}]}}