{"id":1076,"date":"2024-08-16T22:16:25","date_gmt":"2024-08-16T22:16:25","guid":{"rendered":"https:\/\/harmonique.ch\/?p=1076"},"modified":"2024-08-27T17:41:49","modified_gmt":"2024-08-27T17:41:49","slug":"dates-des-prochaines-constellations-familiales","status":"publish","type":"post","link":"https:\/\/harmonique.ch\/index.php\/2024\/08\/16\/dates-des-prochaines-constellations-familiales\/","title":{"rendered":"Dates des prochaines constellations familiales"},"content":{"rendered":"<p>Les prochaines constellations familiales en groupe auront lieu aux dates suivantes:<\/p>\n<ul>\n<li>vendredi 30 ao\u00fbt de 19h30 \u00e0 21h30<\/li>\n<li>samedi 21 septembre de 14h \u00e0 16h<\/li>\n<\/ul>\n<p>Plusieurs constellations seront effectu\u00e9es. Venez avec une demande ou un objectif si vous souhaitez que la constellation soit men\u00e9e pour vous. Vous pouvez \u00e9galement d\u00e9cider d&rsquo;assister \u00e0 la constellation comme personne ressource. La d\u00e9marche vous b\u00e9n\u00e9ficiera \u00e9galement par les effets miroirs qu&rsquo;elle induit.<\/p>\n<p>Les constellations auront lieu \u00e0 la rue de Lausanne 76, 1202 Gen\u00e8ve.<\/p>\n<p>5 personnes minimum. Tarif: 50.-\/personne.<\/p>\n","protected":false},"excerpt":{"rendered":"<p>Les prochaines constellations familiales en groupe auront lieu aux dates suivantes: vendredi 30 ao\u00fbt de 19h30 \u00e0 21h30 samedi 21 septembre de 14h \u00e0 16h Plusieurs constellations seront effectu\u00e9es. Venez avec une demande ou un objectif si vous souhaitez que la constellation soit men\u00e9e pour vous. Vous pouvez \u00e9galement d\u00e9cider d&rsquo;assister \u00e0 la constellation comme [&hellip;]<\/p>\n","protected":false},"author":2,"featured_media":0,"comment_status":"closed","ping_status":"closed","sticky":false,"template":"","format":"standard","meta":{"footnotes":""},"categories":[1],"tags":[],"class_list":["post-1076","post","type-post","status-publish","format-standard","hentry","category-uncategorized"],"_links":{"self":[{"href":"https:\/\/harmonique.ch\/index.php\/wp-json\/wp\/v2\/posts\/1076","targetHints":{"allow":["GET"]}}],"collection":[{"href":"https:\/\/harmonique.ch\/index.php\/wp-json\/wp\/v2\/posts"}],"about":[{"href":"https:\/\/harmonique.ch\/index.php\/wp-json\/wp\/v2\/types\/post"}],"author":[{"embeddable":true,"href":"https:\/\/harmonique.ch\/index.php\/wp-json\/wp\/v2\/users\/2"}],"replies":[{"embeddable":true,"href":"https:\/\/harmonique.ch\/index.php\/wp-json\/wp\/v2\/comments?post=1076"}],"version-history":[{"count":2,"href":"https:\/\/harmonique.ch\/index.php\/wp-json\/wp\/v2\/posts\/1076\/revisions"}],"predecessor-version":[{"id":1113,"href":"https:\/\/harmonique.ch\/index.php\/wp-json\/wp\/v2\/posts\/1076\/revisions\/1113"}],"wp:attachment":[{"href":"https:\/\/harmonique.ch\/index.php\/wp-json\/wp\/v2\/media?parent=1076"}],"wp:term":[{"taxonomy":"category","embeddable":true,"href":"https:\/\/harmonique.ch\/index.php\/wp-json\/wp\/v2\/categories?post=1076"},{"taxonomy":"post_tag","embeddable":true,"href":"https:\/\/harmonique.ch\/index.php\/wp-json\/wp\/v2\/tags?post=1076"}],"curies":[{"name":"wp","href":"https:\/\/api.w.org\/{rel}","templated":true}]}}