{"id":1067,"date":"2024-08-16T21:48:11","date_gmt":"2024-08-16T21:48:11","guid":{"rendered":"https:\/\/harmonique.ch\/?p=1067"},"modified":"2024-08-21T15:48:23","modified_gmt":"2024-08-21T15:48:23","slug":"cours-de-qi-gong-aout-septembre-2024","status":"publish","type":"post","link":"https:\/\/harmonique.ch\/index.php\/2024\/08\/16\/cours-de-qi-gong-aout-septembre-2024\/","title":{"rendered":"Cours de Qi Gong &#8211; ao\u00fbt-septembre 2024"},"content":{"rendered":"<p>Rentr\u00e9e QI GONG 2024, voici les horaires:<\/p>\n<p><strong>Au Grand-Pr\u00e9 (Cornavin\/Grottes)<\/strong>: rentr\u00e9e Qi Gong toute en douceur, avec des pratiques au <strong>parc Beaulieu les dimanche matin de 11h \u00e0 12h<\/strong> tant que la m\u00e9t\u00e9o le permet. 18,25 ao\u00fbt, 1,8 septembre. \u00a0Merci de m&rsquo;envoyer au pr\u00e9alable un sms\/whatsapp au 0765840250 pour v\u00e9rifier si le cours a lieu. Acc\u00e8s: bus 8 arr\u00eat Grottes, ou \u00e0 5mn \u00e0 pied de la gare Cornavin. Prix libre.<\/p>\n<p><strong>Aux P\u00e2quis:<\/strong> reprise des <strong>cours semi-priv\u00e9s les vendredis de 12h30 \u00e0 13h30<\/strong>, 3 personnes max. Les cours ont lieu \u00e0 la rue de Lausanne 76, 1202 Gen\u00e8ve. Sur inscription, Tarif 30.-<\/p>\n<p><strong>A Ch\u00eane-Bourg:<\/strong> en septembre, je vous propose une <strong>s\u00e9rie de 4 cours collectifs \u00e0 Ch\u00eane-Bourg<\/strong>. Ces cours auront lieu les <strong>mardis 3, 10, 17 et 24 septembre de 19h \u00e0 20h<\/strong>, dans les locaux de l&rsquo;association Flamenco-Gen\u00e8ve, rue de Gen\u00e8ve 25, 1225 Ch\u00eane-Bourg. Sur inscription, Tarif: 25.-\/cours.<\/p>\n<p>Inscription par t\u00e9l., sms ou mail. +4176 584 02 50 (Sandra) ou contact@harmonique.ch.<\/p>\n<p><img loading=\"lazy\" decoding=\"async\" class=\"wp-image-1078 aligncenter\" src=\"https:\/\/harmonique.ch\/wp-content\/uploads\/2024\/08\/Qi-Gong-Geneve-Chene-Bourg-Flamenco-Tai-Chi-300x300.jpg\" alt=\"\" width=\"443\" height=\"443\" srcset=\"https:\/\/harmonique.ch\/wp-content\/uploads\/2024\/08\/Qi-Gong-Geneve-Chene-Bourg-Flamenco-Tai-Chi-300x300.jpg 300w, https:\/\/harmonique.ch\/wp-content\/uploads\/2024\/08\/Qi-Gong-Geneve-Chene-Bourg-Flamenco-Tai-Chi-1024x1024.jpg 1024w, https:\/\/harmonique.ch\/wp-content\/uploads\/2024\/08\/Qi-Gong-Geneve-Chene-Bourg-Flamenco-Tai-Chi-150x150.jpg 150w, https:\/\/harmonique.ch\/wp-content\/uploads\/2024\/08\/Qi-Gong-Geneve-Chene-Bourg-Flamenco-Tai-Chi-768x768.jpg 768w, https:\/\/harmonique.ch\/wp-content\/uploads\/2024\/08\/Qi-Gong-Geneve-Chene-Bourg-Flamenco-Tai-Chi.jpg 1080w\" sizes=\"auto, (max-width: 443px) 100vw, 443px\" \/><\/p>\n","protected":false},"excerpt":{"rendered":"<p>Rentr\u00e9e QI GONG 2024, voici les horaires: Au Grand-Pr\u00e9 (Cornavin\/Grottes): rentr\u00e9e Qi Gong toute en douceur, avec des pratiques au parc Beaulieu les dimanche matin de 11h \u00e0 12h tant que la m\u00e9t\u00e9o le permet. 18,25 ao\u00fbt, 1,8 septembre. \u00a0Merci de m&rsquo;envoyer au pr\u00e9alable un sms\/whatsapp au 0765840250 pour v\u00e9rifier si le cours a lieu. [&hellip;]<\/p>\n","protected":false},"author":2,"featured_media":1078,"comment_status":"closed","ping_status":"closed","sticky":false,"template":"","format":"standard","meta":{"footnotes":""},"categories":[1],"tags":[],"class_list":["post-1067","post","type-post","status-publish","format-standard","has-post-thumbnail","hentry","category-uncategorized"],"_links":{"self":[{"href":"https:\/\/harmonique.ch\/index.php\/wp-json\/wp\/v2\/posts\/1067","targetHints":{"allow":["GET"]}}],"collection":[{"href":"https:\/\/harmonique.ch\/index.php\/wp-json\/wp\/v2\/posts"}],"about":[{"href":"https:\/\/harmonique.ch\/index.php\/wp-json\/wp\/v2\/types\/post"}],"author":[{"embeddable":true,"href":"https:\/\/harmonique.ch\/index.php\/wp-json\/wp\/v2\/users\/2"}],"replies":[{"embeddable":true,"href":"https:\/\/harmonique.ch\/index.php\/wp-json\/wp\/v2\/comments?post=1067"}],"version-history":[{"count":6,"href":"https:\/\/harmonique.ch\/index.php\/wp-json\/wp\/v2\/posts\/1067\/revisions"}],"predecessor-version":[{"id":1101,"href":"https:\/\/harmonique.ch\/index.php\/wp-json\/wp\/v2\/posts\/1067\/revisions\/1101"}],"wp:featuredmedia":[{"embeddable":true,"href":"https:\/\/harmonique.ch\/index.php\/wp-json\/wp\/v2\/media\/1078"}],"wp:attachment":[{"href":"https:\/\/harmonique.ch\/index.php\/wp-json\/wp\/v2\/media?parent=1067"}],"wp:term":[{"taxonomy":"category","embeddable":true,"href":"https:\/\/harmonique.ch\/index.php\/wp-json\/wp\/v2\/categories?post=1067"},{"taxonomy":"post_tag","embeddable":true,"href":"https:\/\/harmonique.ch\/index.php\/wp-json\/wp\/v2\/tags?post=1067"}],"curies":[{"name":"wp","href":"https:\/\/api.w.org\/{rel}","templated":true}]}}