{"id":1039,"date":"2024-01-15T19:45:59","date_gmt":"2024-01-15T19:45:59","guid":{"rendered":"https:\/\/harmonique.ch\/?p=1039"},"modified":"2024-03-14T21:14:53","modified_gmt":"2024-03-14T21:14:53","slug":"constellations-familiales-symboliques-retrouvez-lharmonie-dans-vos-relations-prochains-ateliers","status":"publish","type":"post","link":"https:\/\/harmonique.ch\/index.php\/2024\/01\/15\/constellations-familiales-symboliques-retrouvez-lharmonie-dans-vos-relations-prochains-ateliers\/","title":{"rendered":"Constellations familiales symboliques: retrouvez l&rsquo;harmonie dans vos relations &#8211; prochains ateliers"},"content":{"rendered":"<p>Les constellations familiales sont devenues de plus en plus populaires ces derni\u00e8res ann\u00e9es.<\/p>\n<p>Les ateliers que je propose offrent une approche in\u00e9dite pour explorer les dynamiques familiales, les sch\u00e9mas inconscients et les bloquages \u00e9motionnels qui peuvent avoir un impact sur votre vie quotidienne.<\/p>\n<p>Cela vous tente?<\/p>\n<p>J&rsquo;utilise les baguettes coud\u00e9es, qui vont guider toute la constellation, construisant la cette derni\u00e8re autour et pour vous, qui aurez pr\u00e9alablement pos\u00e9 votre demande. L&rsquo;invisible transmettra autant d&rsquo;informations que n\u00e9cessaire pour nous aider \u00e0 comprendre la dynamique en jeu et les corrections n\u00e9cessaires pour r\u00e9tablir l&rsquo;harmonie. Par exemple, nous pourrons \u00eatre inform\u00e9s de dates cl\u00e9 dans votre v\u00e9cu, ou de symboles vous r\u00e9v\u00e9lant des informations.<\/p>\n<p>Les prises de conscience aident les participants \u00e0 mieux comprendre et prendre leur juste place dans leur maille, \u00e0 se lib\u00e9rer des sch\u00e9mas n\u00e9gatifs et gu\u00e9rir. Cela peut conduire \u00e0 une plus grande clart\u00e9, \u00e0 lib\u00e9rer le stress et les \u00e9motions pesantes, \u00e0 briser les sch\u00e9mas r\u00e9p\u00e9titifs, \u00e0 gagner en s\u00e9r\u00e9nit\u00e9, \u00e0 cr\u00e9er un environnement familial plus sain et \u00e9quilibr\u00e9.<\/p>\n<p>En participant aux ateliers, chacun peut acqu\u00e9rir une meilleure compr\u00e9hension de soi, de ses besoins et sch\u00e9mas limitants, et vivre une profonde transformation.<\/p>\n<p>Prochaines constellations familiales 2024:<\/p>\n<p>vendredi 19 janvier 12h15-14h30<\/p>\n<p>jeudi 4 avril 18h15-20h30<\/p>\n<p>samedi 13 avril 14h-16h15<\/p>\n<p>Rue de Lausanne 76, 1202 Gen\u00e8ve. Tarif: 60.-<\/p>\n<p>R\u00e9servation au moins 48h \u00e0 l&rsquo;avance: contact@harmonique.ch ou 0765840250 (Sandra)<\/p>\n","protected":false},"excerpt":{"rendered":"<p>Les constellations familiales sont devenues de plus en plus populaires ces derni\u00e8res ann\u00e9es. Les ateliers que je propose offrent une approche in\u00e9dite pour explorer les dynamiques familiales, les sch\u00e9mas inconscients et les bloquages \u00e9motionnels qui peuvent avoir un impact sur votre vie quotidienne. Cela vous tente? J&rsquo;utilise les baguettes coud\u00e9es, qui vont guider toute la [&hellip;]<\/p>\n","protected":false},"author":2,"featured_media":0,"comment_status":"closed","ping_status":"closed","sticky":false,"template":"","format":"standard","meta":{"footnotes":""},"categories":[1],"tags":[],"class_list":["post-1039","post","type-post","status-publish","format-standard","hentry","category-uncategorized"],"_links":{"self":[{"href":"https:\/\/harmonique.ch\/index.php\/wp-json\/wp\/v2\/posts\/1039","targetHints":{"allow":["GET"]}}],"collection":[{"href":"https:\/\/harmonique.ch\/index.php\/wp-json\/wp\/v2\/posts"}],"about":[{"href":"https:\/\/harmonique.ch\/index.php\/wp-json\/wp\/v2\/types\/post"}],"author":[{"embeddable":true,"href":"https:\/\/harmonique.ch\/index.php\/wp-json\/wp\/v2\/users\/2"}],"replies":[{"embeddable":true,"href":"https:\/\/harmonique.ch\/index.php\/wp-json\/wp\/v2\/comments?post=1039"}],"version-history":[{"count":4,"href":"https:\/\/harmonique.ch\/index.php\/wp-json\/wp\/v2\/posts\/1039\/revisions"}],"predecessor-version":[{"id":1052,"href":"https:\/\/harmonique.ch\/index.php\/wp-json\/wp\/v2\/posts\/1039\/revisions\/1052"}],"wp:attachment":[{"href":"https:\/\/harmonique.ch\/index.php\/wp-json\/wp\/v2\/media?parent=1039"}],"wp:term":[{"taxonomy":"category","embeddable":true,"href":"https:\/\/harmonique.ch\/index.php\/wp-json\/wp\/v2\/categories?post=1039"},{"taxonomy":"post_tag","embeddable":true,"href":"https:\/\/harmonique.ch\/index.php\/wp-json\/wp\/v2\/tags?post=1039"}],"curies":[{"name":"wp","href":"https:\/\/api.w.org\/{rel}","templated":true}]}}