{"id":1019,"date":"2023-11-10T09:07:58","date_gmt":"2023-11-10T09:07:58","guid":{"rendered":"https:\/\/harmonique.ch\/?p=1019"},"modified":"2024-03-09T09:31:13","modified_gmt":"2024-03-09T09:31:13","slug":"visite-de-la-cathedrale-saint-pierre-9-octobre-a-14h","status":"publish","type":"post","link":"https:\/\/harmonique.ch\/index.php\/2023\/11\/10\/visite-de-la-cathedrale-saint-pierre-9-octobre-a-14h\/","title":{"rendered":"Cath\u00e9drale Saint-Pierre, lieu Sacr\u00e9 &#8211; 22 novembre \u00e0 14h"},"content":{"rendered":"<p>La visite d&rsquo;un lieu sacr\u00e9 est une exp\u00e9rience intense, et une invitation \u00e0 rencontrer notre zone sacr\u00e9e, \u00e0 l&rsquo;int\u00e9rieur de nous-m\u00eame. Qu&rsquo;est-ce que c&rsquo;est? C&rsquo;est notre propre pr\u00e9sence, notre intuition, notre flamme int\u00e9rieure, notre joie profonde. Sur tout le parcours, vous serez invit\u00e9s, par les \u00e9nergies du lieu, \u00e0 vous relier \u00e0 vos ressentis, vos sensations, de plus en plus profond\u00e9ment. Jusqu&rsquo;au coeur de la cath\u00e9drale, jusqu&rsquo;au coeur de vous-m\u00eame.<\/p>\n<p>mercredi 22 novembre, 14h-16h30, tarif 70.-<\/p>\n<p>Rendez-vous sur le parvis de la cath\u00e9drale.<\/p>\n<p>Inscriptions +41765840250 et contact@harmonique.ch<\/p>\n<p><img loading=\"lazy\" decoding=\"async\" class=\"r48jcc pT0Scc iPVvYb aligncenter\" src=\"https:\/\/www.serrurier-secours.ch\/wp-content\/uploads\/2018\/08\/cathedrale-saint-pierre-geneve-1-500x350.jpg\" alt=\"La Cath\u00e9drale de Saint-Pierre - Eglise incontournable de Gen\u00e8ve\" width=\"437\" height=\"306\" aria-hidden=\"false\" \/><\/p>\n<p>&nbsp;<\/p>\n","protected":false},"excerpt":{"rendered":"<p>La visite d&rsquo;un lieu sacr\u00e9 est une exp\u00e9rience intense, et une invitation \u00e0 rencontrer notre zone sacr\u00e9e, \u00e0 l&rsquo;int\u00e9rieur de nous-m\u00eame. Qu&rsquo;est-ce que c&rsquo;est? C&rsquo;est notre propre pr\u00e9sence, notre intuition, notre flamme int\u00e9rieure, notre joie profonde. Sur tout le parcours, vous serez invit\u00e9s, par les \u00e9nergies du lieu, \u00e0 vous relier \u00e0 vos ressentis, vos [&hellip;]<\/p>\n","protected":false},"author":2,"featured_media":0,"comment_status":"closed","ping_status":"closed","sticky":false,"template":"","format":"standard","meta":{"footnotes":""},"categories":[1],"tags":[],"class_list":["post-1019","post","type-post","status-publish","format-standard","hentry","category-uncategorized"],"_links":{"self":[{"href":"https:\/\/harmonique.ch\/index.php\/wp-json\/wp\/v2\/posts\/1019","targetHints":{"allow":["GET"]}}],"collection":[{"href":"https:\/\/harmonique.ch\/index.php\/wp-json\/wp\/v2\/posts"}],"about":[{"href":"https:\/\/harmonique.ch\/index.php\/wp-json\/wp\/v2\/types\/post"}],"author":[{"embeddable":true,"href":"https:\/\/harmonique.ch\/index.php\/wp-json\/wp\/v2\/users\/2"}],"replies":[{"embeddable":true,"href":"https:\/\/harmonique.ch\/index.php\/wp-json\/wp\/v2\/comments?post=1019"}],"version-history":[{"count":4,"href":"https:\/\/harmonique.ch\/index.php\/wp-json\/wp\/v2\/posts\/1019\/revisions"}],"predecessor-version":[{"id":1048,"href":"https:\/\/harmonique.ch\/index.php\/wp-json\/wp\/v2\/posts\/1019\/revisions\/1048"}],"wp:attachment":[{"href":"https:\/\/harmonique.ch\/index.php\/wp-json\/wp\/v2\/media?parent=1019"}],"wp:term":[{"taxonomy":"category","embeddable":true,"href":"https:\/\/harmonique.ch\/index.php\/wp-json\/wp\/v2\/categories?post=1019"},{"taxonomy":"post_tag","embeddable":true,"href":"https:\/\/harmonique.ch\/index.php\/wp-json\/wp\/v2\/tags?post=1019"}],"curies":[{"name":"wp","href":"https:\/\/api.w.org\/{rel}","templated":true}]}}