{"id":1015,"date":"2023-09-20T08:38:34","date_gmt":"2023-09-20T08:38:34","guid":{"rendered":"https:\/\/harmonique.ch\/?p=1015"},"modified":"2023-09-20T08:38:34","modified_gmt":"2023-09-20T08:38:34","slug":"qi-gong-au-patio-le-21-septembre-18h30","status":"publish","type":"post","link":"https:\/\/harmonique.ch\/index.php\/2023\/09\/20\/qi-gong-au-patio-le-21-septembre-18h30\/","title":{"rendered":"Qi gong au Patio le 21 septembre 18h30"},"content":{"rendered":"<p>J&rsquo;ai le plaisir de collaborer avec l&rsquo;association Topos Art Territoire Population et Le Patio Geneva pour vous offrir une pratique de Qi Gong le 21 septembre \u00a018h30 dans l&rsquo;espace culturel \u00e9ph\u00e9m\u00e8re de la route des Acacias 14 &#8211; Le Patio Geneva. Cette pratique est ouverte \u00e0 toutes et tous, pas de pr\u00e9requis.<\/p>\n<p><img loading=\"lazy\" decoding=\"async\" class=\"aligncenter size-medium wp-image-1016\" src=\"https:\/\/harmonique.ch\/wp-content\/uploads\/2023\/09\/IMG_2886-217x300.jpg\" alt=\"Pratique de qi gong offerte le 21 septembre \u00e0 18h30, Le Patio Geneva, Topos Art Territoire Population Sandra Piriz\" width=\"217\" height=\"300\" srcset=\"https:\/\/harmonique.ch\/wp-content\/uploads\/2023\/09\/IMG_2886-217x300.jpg 217w, https:\/\/harmonique.ch\/wp-content\/uploads\/2023\/09\/IMG_2886-742x1024.jpg 742w, https:\/\/harmonique.ch\/wp-content\/uploads\/2023\/09\/IMG_2886-768x1060.jpg 768w, https:\/\/harmonique.ch\/wp-content\/uploads\/2023\/09\/IMG_2886-1113x1536.jpg 1113w, https:\/\/harmonique.ch\/wp-content\/uploads\/2023\/09\/IMG_2886.jpg 1179w\" sizes=\"auto, (max-width: 217px) 100vw, 217px\" \/><\/p>\n","protected":false},"excerpt":{"rendered":"<p>J&rsquo;ai le plaisir de collaborer avec l&rsquo;association Topos Art Territoire Population et Le Patio Geneva pour vous offrir une pratique de Qi Gong le 21 septembre \u00a018h30 dans l&rsquo;espace culturel \u00e9ph\u00e9m\u00e8re de la route des Acacias 14 &#8211; Le Patio Geneva. Cette pratique est ouverte \u00e0 toutes et tous, pas de pr\u00e9requis.<\/p>\n","protected":false},"author":2,"featured_media":0,"comment_status":"closed","ping_status":"closed","sticky":false,"template":"","format":"standard","meta":{"footnotes":""},"categories":[1],"tags":[],"class_list":["post-1015","post","type-post","status-publish","format-standard","hentry","category-uncategorized"],"_links":{"self":[{"href":"https:\/\/harmonique.ch\/index.php\/wp-json\/wp\/v2\/posts\/1015","targetHints":{"allow":["GET"]}}],"collection":[{"href":"https:\/\/harmonique.ch\/index.php\/wp-json\/wp\/v2\/posts"}],"about":[{"href":"https:\/\/harmonique.ch\/index.php\/wp-json\/wp\/v2\/types\/post"}],"author":[{"embeddable":true,"href":"https:\/\/harmonique.ch\/index.php\/wp-json\/wp\/v2\/users\/2"}],"replies":[{"embeddable":true,"href":"https:\/\/harmonique.ch\/index.php\/wp-json\/wp\/v2\/comments?post=1015"}],"version-history":[{"count":1,"href":"https:\/\/harmonique.ch\/index.php\/wp-json\/wp\/v2\/posts\/1015\/revisions"}],"predecessor-version":[{"id":1017,"href":"https:\/\/harmonique.ch\/index.php\/wp-json\/wp\/v2\/posts\/1015\/revisions\/1017"}],"wp:attachment":[{"href":"https:\/\/harmonique.ch\/index.php\/wp-json\/wp\/v2\/media?parent=1015"}],"wp:term":[{"taxonomy":"category","embeddable":true,"href":"https:\/\/harmonique.ch\/index.php\/wp-json\/wp\/v2\/categories?post=1015"},{"taxonomy":"post_tag","embeddable":true,"href":"https:\/\/harmonique.ch\/index.php\/wp-json\/wp\/v2\/tags?post=1015"}],"curies":[{"name":"wp","href":"https:\/\/api.w.org\/{rel}","templated":true}]}}